{"id":2400,"date":"2019-09-30T15:00:08","date_gmt":"2019-09-30T13:00:08","guid":{"rendered":"https:\/\/www.adeas.org\/?p=2400"},"modified":"2019-10-25T18:38:01","modified_gmt":"2019-10-25T16:38:01","slug":"transformons-notre-perco-en-percol-avant-fin-2019","status":"publish","type":"post","link":"https:\/\/www.adeas.org\/index.php\/laction-de-ladeas\/transformons-notre-perco-en-percol-avant-fin-2019\/","title":{"rendered":"Transformons notre Perco en Percol avant fin 2019  !"},"content":{"rendered":"\n<p><em><strong>Pour permettre aux salari\u00e9s de b\u00e9n\u00e9ficier d\u00e8s cette fin d\u2019ann\u00e9e des nouvelles possibilit\u00e9s offertes par la Loi Pacte en mati\u00e8re d\u2019\u00e9pargne retraite, la CFE-CGC Orange et l\u2019ADEAS viennent d\u2019adresser un courrier \u00e0 la Direction des Ressources Humaines Groupe afin d\u2019ouvrir des n\u00e9gociations.<\/strong><\/em><\/p>\n\n\n\n<figure class=\"wp-block-image\"><img loading=\"lazy\" decoding=\"async\" width=\"960\" height=\"640\" src=\"https:\/\/www.adeas.org\/wp-content\/uploads\/2019\/09\/pieces-stylo.jpg\" alt=\"\" class=\"wp-image-2419\" srcset=\"https:\/\/www.adeas.org\/wp-content\/uploads\/2019\/09\/pieces-stylo.jpg 960w, https:\/\/www.adeas.org\/wp-content\/uploads\/2019\/09\/pieces-stylo-500x333.jpg 500w, https:\/\/www.adeas.org\/wp-content\/uploads\/2019\/09\/pieces-stylo-768x512.jpg 768w\" sizes=\"auto, (max-width: 960px) 100vw, 960px\" \/><figcaption><em> visuel Pixabay<\/em><\/figcaption><\/figure>\n\n\n\n<p> Nous demandons en particulier la transformation du Perco actuel en Plan d\u2019Epargne Retraite Collectif (PERCol). Si la DRH accepte cette n\u00e9gociation cela permettra aux salari\u00e9s de b\u00e9n\u00e9ficier rapidement des nouvelles possibilit\u00e9s du plan offertes par la Loi, en particulier, pour un salari\u00e9 de <strong>r\u00e9duire son assiette imposable <\/strong>en faisant un versement volontaire en 2019 sur son PERCol.<br \/>Un salari\u00e9 pourra en fonction de ses revenus imposables b\u00e9n\u00e9ficier d\u2019une r\u00e9duction d\u2019imp\u00f4t allant jusqu\u2019\u00e0 46% de ses versements volontaires (plafonn\u00e9s \u00e0 10% de ses revenus imposables).\n<\/p>\n\n\n\n<p><\/p>\n\n\n\n<p style=\"text-align:left\">   &nbsp;&nbsp;&nbsp;&nbsp;&nbsp;&nbsp;&nbsp;            <a href=\"https:\/\/www.adeas.org\/wp-content\/uploads\/2019\/09\/2019-09-26-Ouverture-Nego-transformation-Perco-en-Percol.pdf\">Lire le courrier<\/a><\/p>\n\n\n\n<p><\/p>\n\n\n\n<p>Soucieuses de l\u2019int\u00e9r\u00eat des salari\u00e9s et de l\u2019am\u00e9lioration de nos dispositifs d\u2019\u00e9pargne entreprise, la CFE-CGC Orange et l\u2019ADEAS ne manqueront pas de vous informer des r\u00e9sultats que nous aurons obtenus suite \u00e0 cette demande.<\/p>\n\n\n\n<p> Visionner l&rsquo;interview de Nicolas Triki, Secr\u00e9taire G\u00e9n\u00e9ral de l&rsquo;ADEAS : <\/p>\n\n\n\n<p style=\"text-align:center\"><a rel=\"noreferrer noopener\" href=\"https:\/\/tv.cfecgc-orange.org\/La-CFE-CGC-et-l-ADEAS-Orange-ont-conjointement-saisi-la-DRH-d-Orange-sur-le-sujet-de-l-Epargne-Retraite_v550.html\" target=\"_blank\"><strong>Lien vers la vid\u00e9o<\/strong><\/a><\/p>\n\n\n\n<div class=\"wp-block-image\"><figure class=\"aligncenter\"><img loading=\"lazy\" decoding=\"async\" width=\"415\" height=\"237\" src=\"https:\/\/www.adeas.org\/wp-content\/uploads\/2019\/10\/image-1.png\" alt=\"\" class=\"wp-image-2457\"\/><figcaption><a rel=\"noreferrer noopener\" aria-label=\"https:\/\/tv.cfecgc-orange.org\/La-CFE-CGC-et-l-ADEAS-Orange-ont-conjointement-saisi-la-DRH-d-Orange-sur-le-sujet-de-l-Epargne-Retraite_v550.html (s\u2019ouvre dans un nouvel onglet)\" href=\"https:\/\/tv.cfecgc-orange.org\/La-CFE-CGC-et-l-ADEAS-Orange-ont-conjointement-saisi-la-DRH-d-Orange-sur-le-sujet-de-l-Epargne-Retraite_v550.html\" target=\"_blank\"><strong>Lien vers la vid\u00e9o<\/strong><\/a><\/figcaption><\/figure><\/div>\n","protected":false},"excerpt":{"rendered":"<p>Pour permettre aux salari\u00e9s de b\u00e9n\u00e9ficier d\u00e8s cette fin d\u2019ann\u00e9e des nouvelles possibilit\u00e9s offertes par la Loi Pacte en mati\u00e8re d\u2019\u00e9pargne retraite, la CFE-CGC Orange et l\u2019ADEAS viennent d\u2019adresser un courrier \u00e0 la Direction des Ressources Humaines Groupe afin d\u2019ouvrir des n\u00e9gociations. Nous demandons en particulier la transformation du Perco actuel en Plan d\u2019Epargne Retraite [&hellip;]<\/p>\n","protected":false},"author":8,"featured_media":0,"comment_status":"open","ping_status":"closed","sticky":false,"template":"","format":"standard","meta":{"_monsterinsights_skip_tracking":false,"_monsterinsights_sitenote_active":false,"_monsterinsights_sitenote_note":"","_monsterinsights_sitenote_category":0,"footnotes":""},"categories":[3],"tags":[54,45,39],"class_list":["post-2400","post","type-post","status-publish","format-standard","hentry","category-laction-de-ladeas","tag-epargne-salariale","tag-peg","tag-perco"],"_links":{"self":[{"href":"https:\/\/www.adeas.org\/index.php\/wp-json\/wp\/v2\/posts\/2400","targetHints":{"allow":["GET"]}}],"collection":[{"href":"https:\/\/www.adeas.org\/index.php\/wp-json\/wp\/v2\/posts"}],"about":[{"href":"https:\/\/www.adeas.org\/index.php\/wp-json\/wp\/v2\/types\/post"}],"author":[{"embeddable":true,"href":"https:\/\/www.adeas.org\/index.php\/wp-json\/wp\/v2\/users\/8"}],"replies":[{"embeddable":true,"href":"https:\/\/www.adeas.org\/index.php\/wp-json\/wp\/v2\/comments?post=2400"}],"version-history":[{"count":16,"href":"https:\/\/www.adeas.org\/index.php\/wp-json\/wp\/v2\/posts\/2400\/revisions"}],"predecessor-version":[{"id":2458,"href":"https:\/\/www.adeas.org\/index.php\/wp-json\/wp\/v2\/posts\/2400\/revisions\/2458"}],"wp:attachment":[{"href":"https:\/\/www.adeas.org\/index.php\/wp-json\/wp\/v2\/media?parent=2400"}],"wp:term":[{"taxonomy":"category","embeddable":true,"href":"https:\/\/www.adeas.org\/index.php\/wp-json\/wp\/v2\/categories?post=2400"},{"taxonomy":"post_tag","embeddable":true,"href":"https:\/\/www.adeas.org\/index.php\/wp-json\/wp\/v2\/tags?post=2400"}],"curies":[{"name":"wp","href":"https:\/\/api.w.org\/{rel}","templated":true}]}}