{"id":2314,"date":"2019-02-11T13:34:16","date_gmt":"2019-02-11T12:34:16","guid":{"rendered":"https:\/\/www.adeas.org\/?p=2314"},"modified":"2019-02-11T13:34:18","modified_gmt":"2019-02-11T12:34:18","slug":"loi-pacte-le-senat-valide-la-reforme-de-lepargne-retraite-public-senat","status":"publish","type":"post","link":"https:\/\/www.adeas.org\/index.php\/laction-de-ladeas\/loi-pacte-le-senat-valide-la-reforme-de-lepargne-retraite-public-senat\/","title":{"rendered":"Loi Pacte : le S\u00e9nat valide la r\u00e9forme de l\u2019\u00e9pargne retraite &#8211; Public S\u00e9nat"},"content":{"rendered":"\n<figure class=\"wp-block-image\"><img loading=\"lazy\" decoding=\"async\" width=\"801\" height=\"473\" src=\"https:\/\/www.adeas.org\/wp-content\/uploads\/2019\/02\/PublicSenat_LoiPacte.png\" alt=\"\" class=\"wp-image-2315\" srcset=\"https:\/\/www.adeas.org\/wp-content\/uploads\/2019\/02\/PublicSenat_LoiPacte.png 801w, https:\/\/www.adeas.org\/wp-content\/uploads\/2019\/02\/PublicSenat_LoiPacte-500x295.png 500w, https:\/\/www.adeas.org\/wp-content\/uploads\/2019\/02\/PublicSenat_LoiPacte-768x454.png 768w\" sizes=\"auto, (max-width: 801px) 100vw, 801px\" \/><figcaption>Cr\u00e9dit photo : Public S\u00e9nat<\/figcaption><\/figure>\n\n\n\n<blockquote class=\"wp-block-quote is-layout-flow wp-block-quote-is-layout-flow\"><p>Les s\u00e9nateurs ont adopt\u00e9 l\u2019article 20 du projet de loi relatif \u00e0 la croissance et la transformation des entreprises, qui r\u00e9forme en profondeur le \u00ab maquis \u00bb de l\u2019\u00e9pargne retraite. Les dispositions adopt\u00e9es ont pour but de donner un coup de fouet \u00e0 ces produits boud\u00e9s par les Fran\u00e7ais.<\/p><cite><a href=\"https:\/\/www.publicsenat.fr\/article\/parlementaire\/loi-pacte-le-senat-valide-la-reforme-de-l-epargne-retraite-137422\">A lire sur Public S\u00e9nat<\/a><\/cite><\/blockquote>\n\n\n\n<p>A l&rsquo;issue de cette premi\u00e8re lecture du S\u00e9nat, le forfait social pr\u00e9lev\u00e9 sur les versements dans le PEG et le PERCO pourrait \u00eatre ramen\u00e9 de 20% \u00e0 10% pour le taux standard. Cela m\u00e9contente le gouvernement, qui tentera s\u00fbrement de rectifier ce point. Rappelons que ce forfait social cr\u00e9\u00e9 \u00e0 2% en 2009 a r\u00e9guli\u00e8rement augment\u00e9 pour atteindre 20% en 2015, <a href=\"https:\/\/www.latribune.fr\/opinions\/tribunes\/la-loi-macron-et-l-epargne-salariale-on-ne-donne-qu-aux-riches-503374.html\">ce que nous avions clairement critiqu\u00e9. <\/a><\/p>\n\n\n\n<p>Nous ferons le point sur ce qui changera finalement (ou pas) pour l&rsquo;\u00e9pargne salariale suite \u00e0 cette loi, pour lequel l&rsquo;ADEAS et la CFE-CGC Orange ont propos\u00e9 des amendements (dont certains ont \u00e9t\u00e9 retenus par le S\u00e9nat), \u00e0 l&rsquo;issue du processus l\u00e9gislatif.<\/p>\n","protected":false},"excerpt":{"rendered":"<p>Les s\u00e9nateurs ont adopt\u00e9 l\u2019article 20 du projet de loi relatif \u00e0 la croissance et la transformation des entreprises, qui r\u00e9forme en profondeur le \u00ab maquis \u00bb de l\u2019\u00e9pargne retraite. Les dispositions adopt\u00e9es ont pour but de donner un coup de fouet \u00e0 ces produits boud\u00e9s par les Fran\u00e7ais. A lire sur Public S\u00e9nat A [&hellip;]<\/p>\n","protected":false},"author":1,"featured_media":0,"comment_status":"open","ping_status":"closed","sticky":false,"template":"","format":"standard","meta":{"_monsterinsights_skip_tracking":false,"_monsterinsights_sitenote_active":false,"_monsterinsights_sitenote_note":"","_monsterinsights_sitenote_category":0,"footnotes":""},"categories":[3,8],"tags":[54,15,45,39],"class_list":["post-2314","post","type-post","status-publish","format-standard","hentry","category-laction-de-ladeas","category-revue-de-web","tag-epargne-salariale","tag-legislation","tag-peg","tag-perco"],"_links":{"self":[{"href":"https:\/\/www.adeas.org\/index.php\/wp-json\/wp\/v2\/posts\/2314","targetHints":{"allow":["GET"]}}],"collection":[{"href":"https:\/\/www.adeas.org\/index.php\/wp-json\/wp\/v2\/posts"}],"about":[{"href":"https:\/\/www.adeas.org\/index.php\/wp-json\/wp\/v2\/types\/post"}],"author":[{"embeddable":true,"href":"https:\/\/www.adeas.org\/index.php\/wp-json\/wp\/v2\/users\/1"}],"replies":[{"embeddable":true,"href":"https:\/\/www.adeas.org\/index.php\/wp-json\/wp\/v2\/comments?post=2314"}],"version-history":[{"count":1,"href":"https:\/\/www.adeas.org\/index.php\/wp-json\/wp\/v2\/posts\/2314\/revisions"}],"predecessor-version":[{"id":2316,"href":"https:\/\/www.adeas.org\/index.php\/wp-json\/wp\/v2\/posts\/2314\/revisions\/2316"}],"wp:attachment":[{"href":"https:\/\/www.adeas.org\/index.php\/wp-json\/wp\/v2\/media?parent=2314"}],"wp:term":[{"taxonomy":"category","embeddable":true,"href":"https:\/\/www.adeas.org\/index.php\/wp-json\/wp\/v2\/categories?post=2314"},{"taxonomy":"post_tag","embeddable":true,"href":"https:\/\/www.adeas.org\/index.php\/wp-json\/wp\/v2\/tags?post=2314"}],"curies":[{"name":"wp","href":"https:\/\/api.w.org\/{rel}","templated":true}]}}