{"id":2253,"date":"2018-12-05T12:14:12","date_gmt":"2018-12-05T11:14:12","guid":{"rendered":"https:\/\/www.adeas.org\/?p=2253"},"modified":"2018-12-05T12:18:28","modified_gmt":"2018-12-05T11:18:28","slug":"actions-orange-versement-de-lacompte-sur-dividende-au-titre-de-lexercice-2018","status":"publish","type":"post","link":"https:\/\/www.adeas.org\/index.php\/en-pratique\/actions-orange-versement-de-lacompte-sur-dividende-au-titre-de-lexercice-2018\/","title":{"rendered":"Actions Orange : versement de l\u2019acompte sur dividende au titre de l\u2019exercice 2018"},"content":{"rendered":"<div class=\"_3bJ2H CHExY\">\n<div class=\"_1l8RX _1ByhS\"><a href=\"https:\/\/www.adeas.org\/wp-content\/uploads\/2018\/12\/rawpixel-761474-unsplash-e1544008369589.jpg\"><img loading=\"lazy\" decoding=\"async\" class=\"size-medium wp-image-2254 alignnone\" src=\"https:\/\/www.adeas.org\/wp-content\/uploads\/2018\/12\/rawpixel-761474-unsplash-500x334.jpg\" alt=\"\" width=\"500\" height=\"334\" \/><\/a><\/div>\n<div><em>Photo by <a href=\"https:\/\/unsplash.com\/photos\/ixqauhAL34o?utm_source=unsplash&amp;utm_medium=referral&amp;utm_content=creditCopyText\">rawpixel<\/a> on <\/em><a href=\"https:\/\/unsplash.com\/search\/photos\/money?utm_source=unsplash&amp;utm_medium=referral&amp;utm_content=creditCopyText\"><em>Unsplash<\/em><\/a><\/div>\n<\/div>\n<p>&nbsp;<\/p>\n<p>Le Conseil d\u2019Administration d\u2019Orange a confirm\u00e9 qu\u2019il proposera un dividende de 0,70\u20ac par action au titre de l\u2019exercice 2018. Ce montant devra \u00eatre valid\u00e9 par l\u2019Assembl\u00e9e G\u00e9n\u00e9rale des actionnaires du 21 mai 2019. Cependant, le versement d\u2019un acompte de 0,30 \u20ac le 6 d\u00e9cembre 2018 est d\u2019ores et d\u00e9j\u00e0 act\u00e9. Si vous d\u00e9tenez des actions Orange dans le Plan Epargne Groupe (PEG), vous toucherez cet acompte.<\/p>\n<h3>Si vous d\u00e9tenez des parts C dans le fonds Orange Actions du PEG<\/h3>\n<p>L\u2019acompte sur dividende sera revers\u00e9 dans les compartiments Orange Actions Classique et Cap Orange Classique le 4 d\u00e9cembre 2018, par la cr\u00e9ation de parts nouvelles qui seront r\u00e9parties entre les actuels d\u00e9tenteurs de parts C. Vous les verrez appara\u00eetre sur votre compte Amundi \u00e0 partir du 11 d\u00e9cembre.<\/p>\n<p>L\u2019op\u00e9ration est sans frais, et ces dividendes ne sont assujettis \u00e0 aucun pr\u00e9l\u00e8vement fiscal ou social.<\/p>\n<p>Les nouvelles parts auront la m\u00eame date de disponibilit\u00e9 que les parts qui les auront g\u00e9n\u00e9r\u00e9es.<\/p>\n<h3>Si vous Si vous d\u00e9tenez des parts D dans le fonds Orange Actions du PEG<\/h3>\n<p>Vous toucherez le dividende en cash, par virement sur votre compte bancaire \u00e0 compter du 6 d\u00e9cembre. Vous les recevrez sur votre compte sous un d\u00e9lai d\u2019une semaine, apr\u00e8s d\u00e9duction des pr\u00e9l\u00e8vements fiscaux et sociaux\u00a0via un pr\u00e9l\u00e8vement forfaitaire unique (PFU) de 30 % compos\u00e9 de : 12,8 % au titre de l&rsquo;imp\u00f4t sur le revenu (IR) et de 17,2 % au titre des pr\u00e9l\u00e8vements sociaux. Cette op\u00e9ration g\u00e9n\u00e8re \u00e9galement des frais \u00e0 votre charge une fois par an (5 \u20ac si vous avez moins de 250 parts et 12 \u20ac au-del\u00e0).<\/p>\n<h3>Vous pouvez arbitrer \u00e0 tout moment entre les parts C et les parts D<\/h3>\n<p>Cette transaction est disponible gratuitement et \u00e0 tout moment dans votre espace personnel Amundi.<\/p>\n<p>La date limite d\u2019arbitrage pour le versement de cet acompte \u00e9tait fix\u00e9e au 30 novembre, et il n\u2019est donc plus possible de modifier vos modalit\u00e9s de perception pour cette op\u00e9ration.<\/p>\n<p>Cependant, les parts C \u00e9tant fiscalement plus avantageuses que les parts D, n\u2019h\u00e9sitez pas \u00e0 proc\u00e9der d\u00e8s maintenant aux modifications n\u00e9cessaires dans votre PEG, afin de ne pas \u00eatre pris de cours lors du prochain versement.<\/p>\n<p>Si vous avez besoin de cash, il est en effet plus avantageux de capitaliser vos dividendes (choisir les parts C) et de demander le remboursement d\u2019avoirs disponibles dans votre PEG, qui sont exon\u00e9r\u00e9s d\u2019IR (ils ne sont assujettis qu\u2019aux pr\u00e9l\u00e8vements sociaux).<\/p>\n","protected":false},"excerpt":{"rendered":"<p>Photo by rawpixel on Unsplash &nbsp; Le Conseil d\u2019Administration d\u2019Orange a confirm\u00e9 qu\u2019il proposera un dividende de 0,70\u20ac par action au titre de l\u2019exercice 2018. Ce montant devra \u00eatre valid\u00e9 par l\u2019Assembl\u00e9e G\u00e9n\u00e9rale des actionnaires du 21 mai 2019. Cependant, le versement d\u2019un acompte de 0,30 \u20ac le 6 d\u00e9cembre 2018 est d\u2019ores et d\u00e9j\u00e0 [&hellip;]<\/p>\n","protected":false},"author":1,"featured_media":0,"comment_status":"open","ping_status":"closed","sticky":false,"template":"","format":"standard","meta":{"_monsterinsights_skip_tracking":false,"_monsterinsights_sitenote_active":false,"_monsterinsights_sitenote_note":"","_monsterinsights_sitenote_category":0,"footnotes":""},"categories":[28],"tags":[22,11,29,36],"class_list":["post-2253","post","type-post","status-publish","format-standard","hentry","category-en-pratique","tag-actionnariat","tag-actionnariat-salarie","tag-arbitrage","tag-dividendes"],"_links":{"self":[{"href":"https:\/\/www.adeas.org\/index.php\/wp-json\/wp\/v2\/posts\/2253","targetHints":{"allow":["GET"]}}],"collection":[{"href":"https:\/\/www.adeas.org\/index.php\/wp-json\/wp\/v2\/posts"}],"about":[{"href":"https:\/\/www.adeas.org\/index.php\/wp-json\/wp\/v2\/types\/post"}],"author":[{"embeddable":true,"href":"https:\/\/www.adeas.org\/index.php\/wp-json\/wp\/v2\/users\/1"}],"replies":[{"embeddable":true,"href":"https:\/\/www.adeas.org\/index.php\/wp-json\/wp\/v2\/comments?post=2253"}],"version-history":[{"count":3,"href":"https:\/\/www.adeas.org\/index.php\/wp-json\/wp\/v2\/posts\/2253\/revisions"}],"predecessor-version":[{"id":2260,"href":"https:\/\/www.adeas.org\/index.php\/wp-json\/wp\/v2\/posts\/2253\/revisions\/2260"}],"wp:attachment":[{"href":"https:\/\/www.adeas.org\/index.php\/wp-json\/wp\/v2\/media?parent=2253"}],"wp:term":[{"taxonomy":"category","embeddable":true,"href":"https:\/\/www.adeas.org\/index.php\/wp-json\/wp\/v2\/categories?post=2253"},{"taxonomy":"post_tag","embeddable":true,"href":"https:\/\/www.adeas.org\/index.php\/wp-json\/wp\/v2\/tags?post=2253"}],"curies":[{"name":"wp","href":"https:\/\/api.w.org\/{rel}","templated":true}]}}