{"id":2083,"date":"2018-10-22T10:41:02","date_gmt":"2018-10-22T08:41:02","guid":{"rendered":"https:\/\/www.adeas.org\/?p=2083"},"modified":"2018-10-22T10:41:30","modified_gmt":"2018-10-22T08:41:30","slug":"un-salarie-detient-en-moyenne-12-000-euros-depargne-salariale","status":"publish","type":"post","link":"https:\/\/www.adeas.org\/index.php\/revue-de-web\/un-salarie-detient-en-moyenne-12-000-euros-depargne-salariale\/","title":{"rendered":"Un salari\u00e9 d\u00e9tient en moyenne 12 000 euros d\u2019\u00e9pargne salariale"},"content":{"rendered":"<div id=\"attachment_2084\" style=\"width: 510px\" class=\"wp-caption alignnone\"><a href=\"https:\/\/www.adeas.org\/wp-content\/uploads\/2018\/10\/f038af2_vGXQojrT0pSJ__kBpbUJbSpB.jpg\"><img loading=\"lazy\" decoding=\"async\" aria-describedby=\"caption-attachment-2084\" class=\"size-medium wp-image-2084\" src=\"https:\/\/www.adeas.org\/wp-content\/uploads\/2018\/10\/f038af2_vGXQojrT0pSJ__kBpbUJbSpB-500x333.jpg\" alt=\"\" width=\"500\" height=\"333\" srcset=\"https:\/\/www.adeas.org\/wp-content\/uploads\/2018\/10\/f038af2_vGXQojrT0pSJ__kBpbUJbSpB-500x333.jpg 500w, https:\/\/www.adeas.org\/wp-content\/uploads\/2018\/10\/f038af2_vGXQojrT0pSJ__kBpbUJbSpB.jpg 534w\" sizes=\"auto, (max-width: 500px) 100vw, 500px\" \/><\/a><p id=\"caption-attachment-2084\" class=\"wp-caption-text\">Photo : Letizia Le Fur\/Onoky \/ Photononstop<\/p><\/div>\n<blockquote><p>Au premier semestre, les encours de l\u2019\u00e9pargne salariale, d\u00e9tenue par 11,3 millions de salari\u00e9s, ont progress\u00e9 de 3 %. La loi Plan d\u2019action pour la croissance et la transformation des entreprises (Pacte) devrait dynamiser encore plus ces placements.<\/p>\n<p>[&#8230;]<\/p>\n<p>Actuellement examin\u00e9e au Parlement, la loi Pacte devrait dynamiser l\u2019\u00e9pargne retraite \u00e0 moyen terme. <em>\u00ab\u00a0Les \u00e9pargnants sont sensibles \u00e0 l\u2019harmonisation et \u00e0 la simplification des produits d\u2019\u00e9pargne retraite existants qui se profilent avec cette loi, <\/em>d\u00e9clare Xavier Collot, directeur \u00e9pargne salariale et retraite chez Amundi. <em>Mais pour atteindre l\u2019objectif fix\u00e9 par le gouvernement de 300\u00a0milliards d\u2019euros d\u2019\u00e9pargne retraite \u00e0 horizon 2022, un immense effort d\u2019accompagnement et de p\u00e9dagogie sera n\u00e9cessaire.\u00a0\u00bb<\/em><\/p><\/blockquote>\n<p>A lire dans <a href=\"https:\/\/www.lemonde.fr\/argent\/article\/2018\/10\/18\/un-salarie-detient-en-moyenne-12-000-euros-d-epargne-salariale_5371337_1657007.html\">Le Monde du 18 octobre 2018<\/a><\/p>\n<p><a href=\"https:\/\/www.afg.asso.fr\/lepargne-salariale-au-30-juin-2018\/\">L&rsquo;\u00e9tude de l&rsquo;Association Fran\u00e7aise de Gestion<\/a> parue le 18 octobre\u00a0 donne le d\u00e9tail des placements au 30 juin 2018<\/p>\n","protected":false},"excerpt":{"rendered":"<p>Au premier semestre, les encours de l\u2019\u00e9pargne salariale, d\u00e9tenue par 11,3 millions de salari\u00e9s, ont progress\u00e9 de 3 %. La loi Plan d\u2019action pour la croissance et la transformation des entreprises (Pacte) devrait dynamiser encore plus ces placements. [&#8230;] Actuellement examin\u00e9e au Parlement, la loi Pacte devrait dynamiser l\u2019\u00e9pargne retraite \u00e0 moyen terme. \u00ab\u00a0Les \u00e9pargnants [&hellip;]<\/p>\n","protected":false},"author":1,"featured_media":0,"comment_status":"open","ping_status":"closed","sticky":false,"template":"","format":"standard","meta":{"_monsterinsights_skip_tracking":false,"_monsterinsights_sitenote_active":false,"_monsterinsights_sitenote_note":"","_monsterinsights_sitenote_category":0,"footnotes":""},"categories":[8],"tags":[54,45,39],"class_list":["post-2083","post","type-post","status-publish","format-standard","hentry","category-revue-de-web","tag-epargne-salariale","tag-peg","tag-perco"],"_links":{"self":[{"href":"https:\/\/www.adeas.org\/index.php\/wp-json\/wp\/v2\/posts\/2083","targetHints":{"allow":["GET"]}}],"collection":[{"href":"https:\/\/www.adeas.org\/index.php\/wp-json\/wp\/v2\/posts"}],"about":[{"href":"https:\/\/www.adeas.org\/index.php\/wp-json\/wp\/v2\/types\/post"}],"author":[{"embeddable":true,"href":"https:\/\/www.adeas.org\/index.php\/wp-json\/wp\/v2\/users\/1"}],"replies":[{"embeddable":true,"href":"https:\/\/www.adeas.org\/index.php\/wp-json\/wp\/v2\/comments?post=2083"}],"version-history":[{"count":2,"href":"https:\/\/www.adeas.org\/index.php\/wp-json\/wp\/v2\/posts\/2083\/revisions"}],"predecessor-version":[{"id":2086,"href":"https:\/\/www.adeas.org\/index.php\/wp-json\/wp\/v2\/posts\/2083\/revisions\/2086"}],"wp:attachment":[{"href":"https:\/\/www.adeas.org\/index.php\/wp-json\/wp\/v2\/media?parent=2083"}],"wp:term":[{"taxonomy":"category","embeddable":true,"href":"https:\/\/www.adeas.org\/index.php\/wp-json\/wp\/v2\/categories?post=2083"},{"taxonomy":"post_tag","embeddable":true,"href":"https:\/\/www.adeas.org\/index.php\/wp-json\/wp\/v2\/tags?post=2083"}],"curies":[{"name":"wp","href":"https:\/\/api.w.org\/{rel}","templated":true}]}}