{"id":2028,"date":"2018-04-20T13:53:26","date_gmt":"2018-04-20T11:53:26","guid":{"rendered":"http:\/\/www.adeas.org\/?p=2028"},"modified":"2018-04-20T13:53:26","modified_gmt":"2018-04-20T11:53:26","slug":"ag-des-actionnaires-orange-ladeas-vous-invite","status":"publish","type":"post","link":"https:\/\/www.adeas.org\/index.php\/laction-de-ladeas\/ag-des-actionnaires-orange-ladeas-vous-invite\/","title":{"rendered":"AG des actionnaires Orange : l&rsquo;ADEAS vous invite"},"content":{"rendered":"<p>Comme chaque ann\u00e9e, l\u2019ADEAS et la CFE-CGC Orange organisent un rassemblement devant l\u2019entr\u00e9e de l\u2019AG, pour y pr\u00e9senter nos positions sur le partage de la valeur, de plus en plus questionnable chez Orange.<\/p>\n<p><a href=\"https:\/\/www.adeas.org\/wp-content\/uploads\/2018\/04\/MaisonMutualiteExt.jpg\"><img loading=\"lazy\" decoding=\"async\" class=\" wp-image-2029 alignnone\" src=\"https:\/\/www.adeas.org\/wp-content\/uploads\/2018\/04\/MaisonMutualiteExt-500x691.jpg\" alt=\"\" width=\"394\" height=\"544\" srcset=\"https:\/\/www.adeas.org\/wp-content\/uploads\/2018\/04\/MaisonMutualiteExt-500x691.jpg 500w, https:\/\/www.adeas.org\/wp-content\/uploads\/2018\/04\/MaisonMutualiteExt.jpg 519w\" sizes=\"auto, (max-width: 394px) 100vw, 394px\" \/><\/a><\/p>\n<p><strong>RDV \u00e0 15h devant la<\/strong> <strong>Maison de la Mutualit\u00e9<\/strong><\/p>\n<p>24, rue Saint-Victor, Paris 5\u00e8 &#8211; M\u00e9tro Maubert-Mutualit\u00e9<\/p>\n<h4>Si vous avez des actions au nominatif pur, vous pouvez voter les r\u00e9solutions et participer \u00e0 l\u2019AG<\/h4>\n<p>D\u00e9tails pratiques et explications de vote <a href=\"https:\/\/www.adeas.org\/index.php\/laction-de-ladeas\/ag-des-actionnaires-orange-2018-participer-et-voter\/\">sur le blog de l\u2019ADEAS<\/a> (cl\u00f4ture du vote en ligne le 3 mai \u00e0 15h).<\/p>\n","protected":false},"excerpt":{"rendered":"<p>Comme chaque ann\u00e9e, l\u2019ADEAS et la CFE-CGC Orange organisent un rassemblement devant l\u2019entr\u00e9e de l\u2019AG, pour y pr\u00e9senter nos positions sur le partage de la valeur, de plus en plus questionnable chez Orange. RDV \u00e0 15h devant la Maison de la Mutualit\u00e9 24, rue Saint-Victor, Paris 5\u00e8 &#8211; M\u00e9tro Maubert-Mutualit\u00e9 Si vous avez des actions [&hellip;]<\/p>\n","protected":false},"author":1,"featured_media":0,"comment_status":"open","ping_status":"closed","sticky":false,"template":"","format":"standard","meta":{"_monsterinsights_skip_tracking":false,"_monsterinsights_sitenote_active":false,"_monsterinsights_sitenote_note":"","_monsterinsights_sitenote_category":0,"footnotes":""},"categories":[28,3],"tags":[11,42],"class_list":["post-2028","post","type-post","status-publish","format-standard","hentry","category-en-pratique","category-laction-de-ladeas","tag-actionnariat-salarie","tag-assemblee-generale"],"_links":{"self":[{"href":"https:\/\/www.adeas.org\/index.php\/wp-json\/wp\/v2\/posts\/2028","targetHints":{"allow":["GET"]}}],"collection":[{"href":"https:\/\/www.adeas.org\/index.php\/wp-json\/wp\/v2\/posts"}],"about":[{"href":"https:\/\/www.adeas.org\/index.php\/wp-json\/wp\/v2\/types\/post"}],"author":[{"embeddable":true,"href":"https:\/\/www.adeas.org\/index.php\/wp-json\/wp\/v2\/users\/1"}],"replies":[{"embeddable":true,"href":"https:\/\/www.adeas.org\/index.php\/wp-json\/wp\/v2\/comments?post=2028"}],"version-history":[{"count":1,"href":"https:\/\/www.adeas.org\/index.php\/wp-json\/wp\/v2\/posts\/2028\/revisions"}],"predecessor-version":[{"id":2030,"href":"https:\/\/www.adeas.org\/index.php\/wp-json\/wp\/v2\/posts\/2028\/revisions\/2030"}],"wp:attachment":[{"href":"https:\/\/www.adeas.org\/index.php\/wp-json\/wp\/v2\/media?parent=2028"}],"wp:term":[{"taxonomy":"category","embeddable":true,"href":"https:\/\/www.adeas.org\/index.php\/wp-json\/wp\/v2\/categories?post=2028"},{"taxonomy":"post_tag","embeddable":true,"href":"https:\/\/www.adeas.org\/index.php\/wp-json\/wp\/v2\/tags?post=2028"}],"curies":[{"name":"wp","href":"https:\/\/api.w.org\/{rel}","templated":true}]}}