{"id":2011,"date":"2018-04-20T11:38:18","date_gmt":"2018-04-20T09:38:18","guid":{"rendered":"http:\/\/www.adeas.org\/?p=2011"},"modified":"2018-04-20T11:38:18","modified_gmt":"2018-04-20T09:38:18","slug":"loi-pacte-la-cfe-cgc-orange-et-ladeas-ecrivent-a-bruno-lemaire-sur-la-sortie-forcee-en-rente-de-lepargne-salariale","status":"publish","type":"post","link":"https:\/\/www.adeas.org\/index.php\/laction-de-ladeas\/loi-pacte-la-cfe-cgc-orange-et-ladeas-ecrivent-a-bruno-lemaire-sur-la-sortie-forcee-en-rente-de-lepargne-salariale\/","title":{"rendered":"Loi PACTE : la CFE-CGC Orange et l&rsquo;ADEAS \u00e9crivent \u00e0 Bruno Lemaire sur la sortie forc\u00e9e en rente de l&rsquo;\u00e9pargne salariale"},"content":{"rendered":"<p>Le projet de Loi PACTE (Plan d&rsquo;Action pour la Croissance et la Transformation des Entreprises) pr\u00e9voit d&rsquo;unifier les produits d\u2019\u00e9pargne d\u00e9di\u00e9s aux salari\u00e9s pour pr\u00e9parer leur retraite, au sein d\u2019un nouveau v\u00e9hicule\u00a0: le compte avenir. La pr\u00e9sentation de ce projet de loi PACTE est \u00e0 l\u2019ordre du jour du Conseil des Ministres du 2 mai prochain.<\/p>\n<p>Dans ce contexte, l\u2019offensive des assureurs, qui veulent imposer une sortie du PERCo en rente, va tout \u00e0 fait \u00e0 l\u2019encontre des attentes exprim\u00e9es par les salari\u00e9s, comme des comportements que nous constatons dans notre entreprise. Les personnels d&rsquo;Orange souhaitent conserver la libert\u00e9 qui leur est aujourd&rsquo;hui offerte de choisir librement entre la sortie en capital et la sortie en rente.<\/p>\n<p>La CFE-CGC Orange et l&rsquo;ADEAS ont donc \u00e9crit \u00e0 Monsieur Bruno Lemaire pour lui faire part de leurs vives pr\u00e9occupations quant au devenir des 1,1 milliards d\u2019euros investi en \u00e9pargne salariale dans le Perco par 92\u00a0000 salari\u00e9s du groupe Orange, dans le cadre de la Loi PACTE.<\/p>\n<p>Les personnels n\u2019entendent pas \u00eatre les victimes des ambitions des compagnies d\u2019assurances \u00e0 investir le champ de l\u2019Epargne Salariale, ni accepter la remise en cause implicite de la retraite par r\u00e9partition.<\/p>\n<p>Lire le pdf du courrier <a class=\"wf_file\" href=\"https:\/\/www.cfecgc-orange.org\/documents\/presse\/communiques-de-presse\/cdp2018\/courrier_cfe-cgc_adeas_-_bruno_le_maire_-_perco_-_-_19_avril_2018_corrigee.pdf\"><img decoding=\"async\" class=\"wf_file_icon lazy-loaded\" src=\"https:\/\/www.cfecgc-orange.org\/media\/jce\/icons\/pdf.png\" alt=\"pdf\" data-src=\"\/media\/jce\/icons\/pdf.png\" data-jchll=\"true\" \/><span class=\"wf_file_text\">courrier_cfe-cgc_adeas_-_bruno_le_maire_-_perco_-_-_19_avril_2018.pdf<\/span><\/a><\/p>\n","protected":false},"excerpt":{"rendered":"<p>Le projet de Loi PACTE (Plan d&rsquo;Action pour la Croissance et la Transformation des Entreprises) pr\u00e9voit d&rsquo;unifier les produits d\u2019\u00e9pargne d\u00e9di\u00e9s aux salari\u00e9s pour pr\u00e9parer leur retraite, au sein d\u2019un nouveau v\u00e9hicule\u00a0: le compte avenir. La pr\u00e9sentation de ce projet de loi PACTE est \u00e0 l\u2019ordre du jour du Conseil des Ministres du 2 mai [&hellip;]<\/p>\n","protected":false},"author":1,"featured_media":0,"comment_status":"open","ping_status":"closed","sticky":false,"template":"","format":"standard","meta":{"_monsterinsights_skip_tracking":false,"_monsterinsights_sitenote_active":false,"_monsterinsights_sitenote_note":"","_monsterinsights_sitenote_category":0,"footnotes":""},"categories":[19,3],"tags":[51,15,39],"class_list":["post-2011","post","type-post","status-publish","format-standard","hentry","category-communique-de-presse","category-laction-de-ladeas","tag-epargne","tag-legislation","tag-perco"],"_links":{"self":[{"href":"https:\/\/www.adeas.org\/index.php\/wp-json\/wp\/v2\/posts\/2011","targetHints":{"allow":["GET"]}}],"collection":[{"href":"https:\/\/www.adeas.org\/index.php\/wp-json\/wp\/v2\/posts"}],"about":[{"href":"https:\/\/www.adeas.org\/index.php\/wp-json\/wp\/v2\/types\/post"}],"author":[{"embeddable":true,"href":"https:\/\/www.adeas.org\/index.php\/wp-json\/wp\/v2\/users\/1"}],"replies":[{"embeddable":true,"href":"https:\/\/www.adeas.org\/index.php\/wp-json\/wp\/v2\/comments?post=2011"}],"version-history":[{"count":1,"href":"https:\/\/www.adeas.org\/index.php\/wp-json\/wp\/v2\/posts\/2011\/revisions"}],"predecessor-version":[{"id":2012,"href":"https:\/\/www.adeas.org\/index.php\/wp-json\/wp\/v2\/posts\/2011\/revisions\/2012"}],"wp:attachment":[{"href":"https:\/\/www.adeas.org\/index.php\/wp-json\/wp\/v2\/media?parent=2011"}],"wp:term":[{"taxonomy":"category","embeddable":true,"href":"https:\/\/www.adeas.org\/index.php\/wp-json\/wp\/v2\/categories?post=2011"},{"taxonomy":"post_tag","embeddable":true,"href":"https:\/\/www.adeas.org\/index.php\/wp-json\/wp\/v2\/tags?post=2011"}],"curies":[{"name":"wp","href":"https:\/\/api.w.org\/{rel}","templated":true}]}}