{"id":2009,"date":"2018-04-16T11:16:05","date_gmt":"2018-04-16T09:16:05","guid":{"rendered":"http:\/\/www.adeas.org\/?p=2009"},"modified":"2018-04-16T11:16:05","modified_gmt":"2018-04-16T09:16:05","slug":"interessement-le-bon-cap","status":"publish","type":"post","link":"https:\/\/www.adeas.org\/index.php\/revue-de-web\/interessement-le-bon-cap\/","title":{"rendered":"Int\u00e9ressement\u00a0: le bon cap"},"content":{"rendered":"<blockquote><p>L&rsquo;exon\u00e9ration de charges pour les entreprises de moins de 250 salari\u00e9s envoie un signal fort. Mais il faudra baisser le forfait social au-del\u00e0 pour \u00e9viter un nouvel effet de seuil.<\/p><\/blockquote>\n<p>Source\u00a0: <em><a href=\"https:\/\/www.lesechos.fr\/idees-debats\/editos-analyses\/0301557230469-interessement-le-bon-cap-2168760.php#xtor=EPR-3058-%5Bnl_ideesdebats%5D-20180415-%5BProv_%5D-1890580\">Int\u00e9ressement\u00a0: le bon cap<\/a><\/em><\/p>\n<p>Une r\u00e9flexion parmi d&rsquo;autres, tandis que la loi PACTE, qui devrait avoir des effets l&rsquo;\u00e9pargne et l&rsquo;actionnariat salari\u00e9s, est toujours en r\u00e9flexion.<\/p>\n","protected":false},"excerpt":{"rendered":"<p>L&rsquo;exon\u00e9ration de charges pour les entreprises de moins de 250 salari\u00e9s envoie un signal fort. Mais il faudra baisser le forfait social au-del\u00e0 pour \u00e9viter un nouvel effet de seuil. Source\u00a0: Int\u00e9ressement\u00a0: le bon cap Une r\u00e9flexion parmi d&rsquo;autres, tandis que la loi PACTE, qui devrait avoir des effets l&rsquo;\u00e9pargne et l&rsquo;actionnariat salari\u00e9s, est toujours [&hellip;]<\/p>\n","protected":false},"author":1,"featured_media":0,"comment_status":"open","ping_status":"closed","sticky":false,"template":"","format":"standard","meta":{"_monsterinsights_skip_tracking":false,"_monsterinsights_sitenote_active":false,"_monsterinsights_sitenote_note":"","_monsterinsights_sitenote_category":0,"footnotes":""},"categories":[8],"tags":[38],"class_list":["post-2009","post","type-post","status-publish","format-standard","hentry","category-revue-de-web","tag-interessement"],"_links":{"self":[{"href":"https:\/\/www.adeas.org\/index.php\/wp-json\/wp\/v2\/posts\/2009","targetHints":{"allow":["GET"]}}],"collection":[{"href":"https:\/\/www.adeas.org\/index.php\/wp-json\/wp\/v2\/posts"}],"about":[{"href":"https:\/\/www.adeas.org\/index.php\/wp-json\/wp\/v2\/types\/post"}],"author":[{"embeddable":true,"href":"https:\/\/www.adeas.org\/index.php\/wp-json\/wp\/v2\/users\/1"}],"replies":[{"embeddable":true,"href":"https:\/\/www.adeas.org\/index.php\/wp-json\/wp\/v2\/comments?post=2009"}],"version-history":[{"count":1,"href":"https:\/\/www.adeas.org\/index.php\/wp-json\/wp\/v2\/posts\/2009\/revisions"}],"predecessor-version":[{"id":2010,"href":"https:\/\/www.adeas.org\/index.php\/wp-json\/wp\/v2\/posts\/2009\/revisions\/2010"}],"wp:attachment":[{"href":"https:\/\/www.adeas.org\/index.php\/wp-json\/wp\/v2\/media?parent=2009"}],"wp:term":[{"taxonomy":"category","embeddable":true,"href":"https:\/\/www.adeas.org\/index.php\/wp-json\/wp\/v2\/categories?post=2009"},{"taxonomy":"post_tag","embeddable":true,"href":"https:\/\/www.adeas.org\/index.php\/wp-json\/wp\/v2\/tags?post=2009"}],"curies":[{"name":"wp","href":"https:\/\/api.w.org\/{rel}","templated":true}]}}