{"id":1980,"date":"2018-02-21T19:40:18","date_gmt":"2018-02-21T18:40:18","guid":{"rendered":"http:\/\/www.adeas.org\/?p=1980"},"modified":"2018-02-23T14:39:09","modified_gmt":"2018-02-23T13:39:09","slug":"resultats-orange-2017-et-futur-dividende-a-070-e-les-actionnaires-court-termistes-doivent-se-rejouir-les-personnels-sinquietent","status":"publish","type":"post","link":"https:\/\/www.adeas.org\/index.php\/communique-de-presse\/resultats-orange-2017-et-futur-dividende-a-070-e-les-actionnaires-court-termistes-doivent-se-rejouir-les-personnels-sinquietent\/","title":{"rendered":"R\u00e9sultats Orange 2017 et futur dividende \u00e0 0,70 \u20ac : les actionnaires court-termistes doivent se r\u00e9jouir, les personnels s\u2019inqui\u00e8tent"},"content":{"rendered":"<p><a href=\"https:\/\/www.orange.com\/fr\/Press-Room\/communiques\/communiques-2018\/Resultats-de-l-exercice-2017\">La publication des r\u00e9sultats 2017<\/a> s\u2019accompagne de deux annonces concernant le montant du dividende : au titre de l\u2019exercice 2017, le dividende passe \u00e0 0,65 \u20ac par action (au lieu de 0,60 \u20ac pour chacun des 3 exercices pr\u00e9c\u00e9dents), et la promesse est d\u00e9j\u00e0 quasiment faite que, d\u00e8s l\u2019exercice 2018, il augmentera encore pour atteindre 0,70 \u20ac par action.<\/p>\n<p><strong>T\u00e9l\u00e9charger le communiqu\u00e9 commun CFE-CGC Orange &amp; ADEAS :<\/strong> <a href=\"https:\/\/www.cfecgc-orange.org\/documents\/presse\/communiques-de-presse\/cdp2018\/cdp-cfe-cgc-_dividences_excessifs_pour_2017_et_2018.pdf\"><img decoding=\"async\" class=\"lazy-loaded\" src=\"https:\/\/www.cfecgc-orange.org\/media\/jce\/icons\/pdf.png\" alt=\"pdf\" data-src=\"\/media\/jce\/icons\/pdf.png\" data-jchll=\"true\" \/>cdp-cfe-cgc-_dividences_excessifs_pour_2017_et_2018.pdf<\/a><\/p>\n","protected":false},"excerpt":{"rendered":"<p>La publication des r\u00e9sultats 2017 s\u2019accompagne de deux annonces concernant le montant du dividende : au titre de l\u2019exercice 2017, le dividende passe \u00e0 0,65 \u20ac par action (au lieu de 0,60 \u20ac pour chacun des 3 exercices pr\u00e9c\u00e9dents), et la promesse est d\u00e9j\u00e0 quasiment faite que, d\u00e8s l\u2019exercice 2018, il augmentera encore pour atteindre [&hellip;]<\/p>\n","protected":false},"author":1,"featured_media":0,"comment_status":"open","ping_status":"closed","sticky":false,"template":"","format":"standard","meta":{"_monsterinsights_skip_tracking":false,"_monsterinsights_sitenote_active":false,"_monsterinsights_sitenote_note":"","_monsterinsights_sitenote_category":0,"footnotes":""},"categories":[19],"tags":[],"class_list":["post-1980","post","type-post","status-publish","format-standard","hentry","category-communique-de-presse"],"_links":{"self":[{"href":"https:\/\/www.adeas.org\/index.php\/wp-json\/wp\/v2\/posts\/1980","targetHints":{"allow":["GET"]}}],"collection":[{"href":"https:\/\/www.adeas.org\/index.php\/wp-json\/wp\/v2\/posts"}],"about":[{"href":"https:\/\/www.adeas.org\/index.php\/wp-json\/wp\/v2\/types\/post"}],"author":[{"embeddable":true,"href":"https:\/\/www.adeas.org\/index.php\/wp-json\/wp\/v2\/users\/1"}],"replies":[{"embeddable":true,"href":"https:\/\/www.adeas.org\/index.php\/wp-json\/wp\/v2\/comments?post=1980"}],"version-history":[{"count":2,"href":"https:\/\/www.adeas.org\/index.php\/wp-json\/wp\/v2\/posts\/1980\/revisions"}],"predecessor-version":[{"id":1982,"href":"https:\/\/www.adeas.org\/index.php\/wp-json\/wp\/v2\/posts\/1980\/revisions\/1982"}],"wp:attachment":[{"href":"https:\/\/www.adeas.org\/index.php\/wp-json\/wp\/v2\/media?parent=1980"}],"wp:term":[{"taxonomy":"category","embeddable":true,"href":"https:\/\/www.adeas.org\/index.php\/wp-json\/wp\/v2\/categories?post=1980"},{"taxonomy":"post_tag","embeddable":true,"href":"https:\/\/www.adeas.org\/index.php\/wp-json\/wp\/v2\/tags?post=1980"}],"curies":[{"name":"wp","href":"https:\/\/api.w.org\/{rel}","templated":true}]}}