{"id":1968,"date":"2018-02-03T12:08:31","date_gmt":"2018-02-03T11:08:31","guid":{"rendered":"http:\/\/www.adeas.org\/?p=1968"},"modified":"2018-02-03T13:54:42","modified_gmt":"2018-02-03T12:54:42","slug":"en-justice-sfr-perd-contre-orange-sur-la-repartition-du-deploiement-de-la-fibre","status":"publish","type":"post","link":"https:\/\/www.adeas.org\/index.php\/revue-de-web\/en-justice-sfr-perd-contre-orange-sur-la-repartition-du-deploiement-de-la-fibre\/","title":{"rendered":"En justice, SFR perd contre Orange sur la r\u00e9partition du d\u00e9ploiement de la fibre"},"content":{"rendered":"<blockquote><p><a href=\"https:\/\/www.adeas.org\/wp-content\/uploads\/2018\/02\/conduit-166802_1280.jpg\"><img loading=\"lazy\" decoding=\"async\" class=\" wp-image-1969 aligncenter\" src=\"https:\/\/www.adeas.org\/wp-content\/uploads\/2018\/02\/conduit-166802_1280-500x331-1.jpg\" alt=\"\" width=\"557\" height=\"369\" \/><\/a>SFR a attaqu\u00e9 Orange pour obtenir une plus grande part des d\u00e9ploiements de la fibre dans les agglom\u00e9rations moyennes, qu&rsquo;elle avait abandonn\u00e9es un temps apr\u00e8s son rachat par Numericable. Le tribunal de commerce de Paris a toutefois rejet\u00e9 ses demandes. L&rsquo;entreprise se r\u00e9serve le droit d&rsquo;interjeter appel.<\/p><\/blockquote>\n<p>Source\u00a0: <em><a href=\"https:\/\/www.nextinpact.com\/news\/106068-en-justice-sfr-perd-contre-orange-sur-repartition-deploiement-fibre.htm\">En justice, SFR perd contre Orange sur la r\u00e9partition du d\u00e9ploiement de la fibre<\/a><\/em><\/p>\n<p>Une bonne nouvelle pour Orange : ses investissements dans les villes moyennes de la zone AMII (Appel \u00e0 Manifestation d&rsquo;Intention d&rsquo;Investissement) sont s\u00e9curis\u00e9s. L&rsquo;accord de 2011 qui r\u00e9partissait les d\u00e9ploiement dans les 148 communes de cette zone d&rsquo;habitat moyennement dense o\u00f9 les r\u00e9seaux de fibre ne doivent pas \u00eatre dupliqu\u00e9s continuera donc de s&rsquo;appliquer. Il pr\u00e9voyait qu&rsquo;Orange d\u00e9ploie 80% des prises, SFR 20%, et a \u00e9t\u00e9 r\u00e9ajust\u00e9 depuis le rachat de SFR par Num\u00e9ricable \u00e0 rsepectivement 87% et 13 %, proportions qui n\u2019\u00e9volueront donc plus.<\/p>\n","protected":false},"excerpt":{"rendered":"<p>SFR a attaqu\u00e9 Orange pour obtenir une plus grande part des d\u00e9ploiements de la fibre dans les agglom\u00e9rations moyennes, qu&rsquo;elle avait abandonn\u00e9es un temps apr\u00e8s son rachat par Numericable. Le tribunal de commerce de Paris a toutefois rejet\u00e9 ses demandes. L&rsquo;entreprise se r\u00e9serve le droit d&rsquo;interjeter appel. Source\u00a0: En justice, SFR perd contre Orange sur [&hellip;]<\/p>\n","protected":false},"author":1,"featured_media":0,"comment_status":"open","ping_status":"closed","sticky":false,"template":"","format":"standard","meta":{"_monsterinsights_skip_tracking":false,"_monsterinsights_sitenote_active":false,"_monsterinsights_sitenote_note":"","_monsterinsights_sitenote_category":0,"footnotes":""},"categories":[8],"tags":[31,53,32],"class_list":["post-1968","post","type-post","status-publish","format-standard","hentry","category-revue-de-web","tag-concurrence","tag-investissement","tag-justice"],"_links":{"self":[{"href":"https:\/\/www.adeas.org\/index.php\/wp-json\/wp\/v2\/posts\/1968","targetHints":{"allow":["GET"]}}],"collection":[{"href":"https:\/\/www.adeas.org\/index.php\/wp-json\/wp\/v2\/posts"}],"about":[{"href":"https:\/\/www.adeas.org\/index.php\/wp-json\/wp\/v2\/types\/post"}],"author":[{"embeddable":true,"href":"https:\/\/www.adeas.org\/index.php\/wp-json\/wp\/v2\/users\/1"}],"replies":[{"embeddable":true,"href":"https:\/\/www.adeas.org\/index.php\/wp-json\/wp\/v2\/comments?post=1968"}],"version-history":[{"count":4,"href":"https:\/\/www.adeas.org\/index.php\/wp-json\/wp\/v2\/posts\/1968\/revisions"}],"predecessor-version":[{"id":1975,"href":"https:\/\/www.adeas.org\/index.php\/wp-json\/wp\/v2\/posts\/1968\/revisions\/1975"}],"wp:attachment":[{"href":"https:\/\/www.adeas.org\/index.php\/wp-json\/wp\/v2\/media?parent=1968"}],"wp:term":[{"taxonomy":"category","embeddable":true,"href":"https:\/\/www.adeas.org\/index.php\/wp-json\/wp\/v2\/categories?post=1968"},{"taxonomy":"post_tag","embeddable":true,"href":"https:\/\/www.adeas.org\/index.php\/wp-json\/wp\/v2\/tags?post=1968"}],"curies":[{"name":"wp","href":"https:\/\/api.w.org\/{rel}","templated":true}]}}