{"id":1920,"date":"2017-10-30T10:00:21","date_gmt":"2017-10-30T09:00:21","guid":{"rendered":"http:\/\/www.adeas.org\/?p=1920"},"modified":"2017-10-30T10:00:21","modified_gmt":"2017-10-30T09:00:21","slug":"orange-des-salaries-actionnaires-mettent-en-demeure-bpifrance","status":"publish","type":"post","link":"https:\/\/www.adeas.org\/index.php\/laction-de-ladeas\/orange-des-salaries-actionnaires-mettent-en-demeure-bpifrance\/","title":{"rendered":"Orange : des salari\u00e9s actionnaires mettent en demeure Bpifrance"},"content":{"rendered":"<blockquote><p><a href=\"http:\/\/www.latribune.fr\/technos-medias\/orange-des-salaries-actionnaires-mettent-en-demeure-bpifrance-755942.html\"><img decoding=\"async\" class=\"alignnone size-full\" src=\"https:\/\/www.adeas.org\/wp-content\/uploads\/2017\/10\/vivendi-exclut-une-fusion-de-telecom-italia-avec-orange.jpg\" alt=\"\" \/><\/a>L&rsquo;association pour la d\u00e9fense de l&rsquo;\u00e9pargne et de l&rsquo;actionnariat salari\u00e9 (Adeas) et le syndicat CFE-CGC ont adress\u00e9 vendredi une lettre de mise en demeure \u00e0 Bpifrance concernant des cessions de parts au capital de l&rsquo;op\u00e9rateur Orange en 2014 et 2015 et menacent de d\u00e9poser plainte.<\/p><\/blockquote>\n<p>Source\u00a0: <em><a href=\"http:\/\/www.latribune.fr\/technos-medias\/orange-des-salaries-actionnaires-mettent-en-demeure-bpifrance-755942.html\">Orange : des salari\u00e9s actionnaires mettent en demeure Bpifrance<\/a><\/em><\/p>\n","protected":false},"excerpt":{"rendered":"<p>L&rsquo;association pour la d\u00e9fense de l&rsquo;\u00e9pargne et de l&rsquo;actionnariat salari\u00e9 (Adeas) et le syndicat CFE-CGC ont adress\u00e9 vendredi une lettre de mise en demeure \u00e0 Bpifrance concernant des cessions de parts au capital de l&rsquo;op\u00e9rateur Orange en 2014 et 2015 et menacent de d\u00e9poser plainte. Source\u00a0: Orange : des salari\u00e9s actionnaires mettent en demeure Bpifrance<\/p>\n","protected":false},"author":1,"featured_media":0,"comment_status":"open","ping_status":"closed","sticky":false,"template":"","format":"standard","meta":{"_monsterinsights_skip_tracking":false,"_monsterinsights_sitenote_active":false,"_monsterinsights_sitenote_note":"","_monsterinsights_sitenote_category":0,"footnotes":""},"categories":[3,8],"tags":[11,12],"class_list":["post-1920","post","type-post","status-publish","format-standard","hentry","category-laction-de-ladeas","category-revue-de-web","tag-actionnariat-salarie","tag-offre-reservee-au-personnel"],"_links":{"self":[{"href":"https:\/\/www.adeas.org\/index.php\/wp-json\/wp\/v2\/posts\/1920","targetHints":{"allow":["GET"]}}],"collection":[{"href":"https:\/\/www.adeas.org\/index.php\/wp-json\/wp\/v2\/posts"}],"about":[{"href":"https:\/\/www.adeas.org\/index.php\/wp-json\/wp\/v2\/types\/post"}],"author":[{"embeddable":true,"href":"https:\/\/www.adeas.org\/index.php\/wp-json\/wp\/v2\/users\/1"}],"replies":[{"embeddable":true,"href":"https:\/\/www.adeas.org\/index.php\/wp-json\/wp\/v2\/comments?post=1920"}],"version-history":[{"count":1,"href":"https:\/\/www.adeas.org\/index.php\/wp-json\/wp\/v2\/posts\/1920\/revisions"}],"predecessor-version":[{"id":1922,"href":"https:\/\/www.adeas.org\/index.php\/wp-json\/wp\/v2\/posts\/1920\/revisions\/1922"}],"wp:attachment":[{"href":"https:\/\/www.adeas.org\/index.php\/wp-json\/wp\/v2\/media?parent=1920"}],"wp:term":[{"taxonomy":"category","embeddable":true,"href":"https:\/\/www.adeas.org\/index.php\/wp-json\/wp\/v2\/categories?post=1920"},{"taxonomy":"post_tag","embeddable":true,"href":"https:\/\/www.adeas.org\/index.php\/wp-json\/wp\/v2\/tags?post=1920"}],"curies":[{"name":"wp","href":"https:\/\/api.w.org\/{rel}","templated":true}]}}