{"id":1889,"date":"2017-10-23T15:13:04","date_gmt":"2017-10-23T13:13:04","guid":{"rendered":"http:\/\/www.adeas.org\/?p=1889"},"modified":"2017-10-23T15:13:04","modified_gmt":"2017-10-23T13:13:04","slug":"telecoms-les-operateurs-epouvantes-par-les-futures-regles-europeennes","status":"publish","type":"post","link":"https:\/\/www.adeas.org\/index.php\/revue-de-web\/telecoms-les-operateurs-epouvantes-par-les-futures-regles-europeennes\/","title":{"rendered":"T\u00e9l\u00e9coms\u00a0: les op\u00e9rateurs \u00e9pouvant\u00e9s par les futures r\u00e8gles europ\u00e9ennes"},"content":{"rendered":"<p><a href=\"https:\/\/www.adeas.org\/wp-content\/uploads\/2017\/10\/2124144_telecoms-les-operateurs-epouvantes-par-les-futures-regles-europeennes-web-tete-030763776525.jpg\"><img loading=\"lazy\" decoding=\"async\" class=\"size-full wp-image-1890 alignnone\" src=\"https:\/\/www.adeas.org\/wp-content\/uploads\/2017\/10\/2124144_telecoms-les-operateurs-epouvantes-par-les-futures-regles-europeennes-web-tete-030763776525-1.jpg\" alt=\"\" width=\"1000\" height=\"533\" \/><\/a><\/p>\n<p>Source\u00a0: <em><a href=\"https:\/\/www.lesechos.fr\/tech-medias\/hightech\/030762109256-telecoms-les-operateurs-epouvantes-par-les-futures-regles-europeennes-2124144.php#xtor=EPR-12-%5Btech_medias%5D-20171023-%5BProv_%5D-1890580\">T\u00e9l\u00e9coms\u00a0: les op\u00e9rateurs \u00e9pouvant\u00e9s par les futures r\u00e8gles europ\u00e9ennes<\/a><\/em><\/p>\n<p>O\u00f9 l&rsquo;on se demande \u00ab\u00a0comment r\u00e9guler la r\u00e9gulation\u00a0\u00bb ??? dont la construction devient de plus en plus d\u00e9lirante&#8230;<\/p>\n<p>Envoyer nos <a href=\"http:\/\/www.cfecgc-orange.org\/201710116000\/elections-professionnelles-2017\/du-7-au-9-novembre-prochain-vous-pourrez-choisir-vos-representants-jevotecfecgcorange.html\">prochains repr\u00e9sentants au Conseil d&rsquo;Administration d&rsquo;Orange<\/a> discuter avec la Commission ? faire un discours au Parlement europ\u00e9en ? Un sujet sur lequel l&rsquo;ADEAS et la CFE-CGC Orange en tous cas ne manqueront pas de r\u00e9fl\u00e9chir, pour identifier de quels leviers d&rsquo;action nous disposons en tant que repr\u00e9sentants du personnel. Remarquons au passage que, comme d&rsquo;habitude, il n&rsquo;est nulle part question d&#8217;emplois. Et de citoyens au fait ? Ah non, c&rsquo;est vrai, pour l&rsquo;Europe, nous sommes des \u00ab\u00a0consommateurs\u00a0\u00bb&#8230;<\/p>\n","protected":false},"excerpt":{"rendered":"<p>Source\u00a0: T\u00e9l\u00e9coms\u00a0: les op\u00e9rateurs \u00e9pouvant\u00e9s par les futures r\u00e8gles europ\u00e9ennes O\u00f9 l&rsquo;on se demande \u00ab\u00a0comment r\u00e9guler la r\u00e9gulation\u00a0\u00bb ??? dont la construction devient de plus en plus d\u00e9lirante&#8230; Envoyer nos prochains repr\u00e9sentants au Conseil d&rsquo;Administration d&rsquo;Orange discuter avec la Commission ? faire un discours au Parlement europ\u00e9en ? Un sujet sur lequel l&rsquo;ADEAS et la [&hellip;]<\/p>\n","protected":false},"author":1,"featured_media":0,"comment_status":"open","ping_status":"closed","sticky":false,"template":"","format":"standard","meta":{"_monsterinsights_skip_tracking":false,"_monsterinsights_sitenote_active":false,"_monsterinsights_sitenote_note":"","_monsterinsights_sitenote_category":0,"footnotes":""},"categories":[8],"tags":[30,37],"class_list":["post-1889","post","type-post","status-publish","format-standard","hentry","category-revue-de-web","tag-europe","tag-regulation"],"_links":{"self":[{"href":"https:\/\/www.adeas.org\/index.php\/wp-json\/wp\/v2\/posts\/1889","targetHints":{"allow":["GET"]}}],"collection":[{"href":"https:\/\/www.adeas.org\/index.php\/wp-json\/wp\/v2\/posts"}],"about":[{"href":"https:\/\/www.adeas.org\/index.php\/wp-json\/wp\/v2\/types\/post"}],"author":[{"embeddable":true,"href":"https:\/\/www.adeas.org\/index.php\/wp-json\/wp\/v2\/users\/1"}],"replies":[{"embeddable":true,"href":"https:\/\/www.adeas.org\/index.php\/wp-json\/wp\/v2\/comments?post=1889"}],"version-history":[{"count":1,"href":"https:\/\/www.adeas.org\/index.php\/wp-json\/wp\/v2\/posts\/1889\/revisions"}],"predecessor-version":[{"id":1892,"href":"https:\/\/www.adeas.org\/index.php\/wp-json\/wp\/v2\/posts\/1889\/revisions\/1892"}],"wp:attachment":[{"href":"https:\/\/www.adeas.org\/index.php\/wp-json\/wp\/v2\/media?parent=1889"}],"wp:term":[{"taxonomy":"category","embeddable":true,"href":"https:\/\/www.adeas.org\/index.php\/wp-json\/wp\/v2\/categories?post=1889"},{"taxonomy":"post_tag","embeddable":true,"href":"https:\/\/www.adeas.org\/index.php\/wp-json\/wp\/v2\/tags?post=1889"}],"curies":[{"name":"wp","href":"https:\/\/api.w.org\/{rel}","templated":true}]}}