{"id":1885,"date":"2017-10-23T14:20:25","date_gmt":"2017-10-23T12:20:25","guid":{"rendered":"http:\/\/www.adeas.org\/?p=1885"},"modified":"2017-10-23T14:20:25","modified_gmt":"2017-10-23T12:20:25","slug":"ceder-orange-un-casse-tete-pour-letat-actionnaire","status":"publish","type":"post","link":"https:\/\/www.adeas.org\/index.php\/revue-de-web\/ceder-orange-un-casse-tete-pour-letat-actionnaire\/","title":{"rendered":"C\u00e9der Orange, un casse-t\u00eate pour l&rsquo;Etat actionnaire"},"content":{"rendered":"<p><a href=\"https:\/\/www.adeas.org\/wp-content\/uploads\/2017\/10\/2124166_ceder-orange-un-casse-tete-pour-letat-actionnaire-web-tete-030763713045.jpg\"><img loading=\"lazy\" decoding=\"async\" class=\"size-full wp-image-1886 alignnone\" src=\"https:\/\/www.adeas.org\/wp-content\/uploads\/2017\/10\/2124166_ceder-orange-un-casse-tete-pour-letat-actionnaire-web-tete-030763713045-1.jpg\" alt=\"\" width=\"1000\" height=\"533\" \/><\/a><\/p>\n<blockquote><p>Dans la volont\u00e9 d&rsquo;Emmanuel Macron d&rsquo;\u00e9laguer le portefeuille de participations de l&rsquo;Etat, Orange est un candidat de choix. Mais aussi un enjeu strat\u00e9gique majeur, d\u00e9cisif pour la consolidation du secteur des t\u00e9l\u00e9coms et l&rsquo;am\u00e9nagement num\u00e9rique du territoire.<\/p><\/blockquote>\n<p>Source\u00a0: <em><a href=\"https:\/\/www.lesechos.fr\/idees-debats\/editos-analyses\/030755983667-ceder-orange-un-casse-tete-pour-letat-actionnaire-2124166.php\">C\u00e9der Orange, un casse-t\u00eate pour l&rsquo;Etat actionnaire<\/a><\/em><\/p>\n<p>On dirait que <a href=\"http:\/\/www.cfecgc-orange.org\/201710196038\/economie-et-reglementation-des-telecoms\/orange-c-est-la-france.html\">nos analyses<\/a> commencent \u00e0 \u00eatre partag\u00e9es&#8230; \u00e0 moins que <a href=\"http:\/\/www.cfecgc-orange.org\/201709095943\/communiques-de-presse\/orange-entreprise-strategique-la-cfe-cgc-ecrit-au-premier-ministre.html\">notre courrier<\/a> n&rsquo;ait \u00e9t\u00e9 lu ?<\/p>\n","protected":false},"excerpt":{"rendered":"<p>Dans la volont\u00e9 d&rsquo;Emmanuel Macron d&rsquo;\u00e9laguer le portefeuille de participations de l&rsquo;Etat, Orange est un candidat de choix. Mais aussi un enjeu strat\u00e9gique majeur, d\u00e9cisif pour la consolidation du secteur des t\u00e9l\u00e9coms et l&rsquo;am\u00e9nagement num\u00e9rique du territoire. Source\u00a0: C\u00e9der Orange, un casse-t\u00eate pour l&rsquo;Etat actionnaire On dirait que nos analyses commencent \u00e0 \u00eatre partag\u00e9es&#8230; \u00e0 [&hellip;]<\/p>\n","protected":false},"author":1,"featured_media":0,"comment_status":"open","ping_status":"closed","sticky":false,"template":"","format":"standard","meta":{"_monsterinsights_skip_tracking":false,"_monsterinsights_sitenote_active":false,"_monsterinsights_sitenote_note":"","_monsterinsights_sitenote_category":0,"footnotes":""},"categories":[8],"tags":[22,23],"class_list":["post-1885","post","type-post","status-publish","format-standard","hentry","category-revue-de-web","tag-actionnariat","tag-etat"],"_links":{"self":[{"href":"https:\/\/www.adeas.org\/index.php\/wp-json\/wp\/v2\/posts\/1885","targetHints":{"allow":["GET"]}}],"collection":[{"href":"https:\/\/www.adeas.org\/index.php\/wp-json\/wp\/v2\/posts"}],"about":[{"href":"https:\/\/www.adeas.org\/index.php\/wp-json\/wp\/v2\/types\/post"}],"author":[{"embeddable":true,"href":"https:\/\/www.adeas.org\/index.php\/wp-json\/wp\/v2\/users\/1"}],"replies":[{"embeddable":true,"href":"https:\/\/www.adeas.org\/index.php\/wp-json\/wp\/v2\/comments?post=1885"}],"version-history":[{"count":1,"href":"https:\/\/www.adeas.org\/index.php\/wp-json\/wp\/v2\/posts\/1885\/revisions"}],"predecessor-version":[{"id":1888,"href":"https:\/\/www.adeas.org\/index.php\/wp-json\/wp\/v2\/posts\/1885\/revisions\/1888"}],"wp:attachment":[{"href":"https:\/\/www.adeas.org\/index.php\/wp-json\/wp\/v2\/media?parent=1885"}],"wp:term":[{"taxonomy":"category","embeddable":true,"href":"https:\/\/www.adeas.org\/index.php\/wp-json\/wp\/v2\/categories?post=1885"},{"taxonomy":"post_tag","embeddable":true,"href":"https:\/\/www.adeas.org\/index.php\/wp-json\/wp\/v2\/tags?post=1885"}],"curies":[{"name":"wp","href":"https:\/\/api.w.org\/{rel}","templated":true}]}}