{"id":1873,"date":"2017-10-16T16:27:53","date_gmt":"2017-10-16T14:27:53","guid":{"rendered":"http:\/\/www.adeas.org\/?p=1873"},"modified":"2017-10-16T16:27:53","modified_gmt":"2017-10-16T14:27:53","slug":"arnaud-montebourg-invite-du-dejeuner-adeas-cfe-cgc-pour-lag-des-actionnaires-orange","status":"publish","type":"post","link":"https:\/\/www.adeas.org\/index.php\/laction-de-ladeas\/arnaud-montebourg-invite-du-dejeuner-adeas-cfe-cgc-pour-lag-des-actionnaires-orange\/","title":{"rendered":"Arnaud Montebourg, invit\u00e9 du d\u00e9jeuner ADEAS &#8211; CFE-CGC pour l&rsquo;AG des actionnaires Orange"},"content":{"rendered":"<p><iframe loading=\"lazy\" src=\"http:\/\/tv.cfecgc-orange.org\/embed\/389\/?title=1&amp;\" width=\"560\" height=\"315\" frameborder=\"0\" allowfullscreen=\"allowfullscreen\"><\/iframe><\/p>\n<p>Le 1er juin 2017, la CFE-CGC Orange et l&rsquo;ADEAS avaient invit\u00e9 leurs adh\u00e9rents \u00e0 un d\u00e9jeuner convivial, dont Arnaud Montebourg, ancien Ministre du redressement productif et du num\u00e9rique, \u00e9tait l&rsquo;invit\u00e9 d&rsquo;honneur.<\/p>\n<p>Nous vous offrons un floril\u00e8ge de son intervention.<\/p>\n<p>A cette occasion, Monsieur Montebourg a constat\u00e9 avec plaisir et int\u00e9r\u00eat que nos organisations s&rsquo;\u00e9taient <a class=\"liens\" href=\"http:\/\/www.cfecgc-orange.org\/201505074785\/participation-interessement-et-actionnariat\/loi-florange-ce-qui-change-pour-les-personnels-actionnaires.html\" target=\"_blank\" rel=\"noopener\">imm\u00e9diatement saisies de sa Loi Florange<\/a> afin que les personnels actionnaires d&rsquo;Orange b\u00e9n\u00e9ficient des droits de vote double en AG des actionnaires. Ils se sont appliqu\u00e9s d\u00e8s l&rsquo;AG 2016, les personnels repr\u00e9sentant ainsi pr\u00e8s de 9% des droits de vote et jusqu&rsquo;\u00e0 11% des suffrages exprim\u00e9s en AG, pour 5,4% du capital d\u00e9tenu.<\/p>\n<p>La CFE-CGC Orange et l&rsquo;ADEAS continuent de revendiquer des Offres R\u00e9serv\u00e9es aux Personnels (ORP) plus fr\u00e9quentes et plus g\u00e9n\u00e9reuses, afin que les personnels d\u00e9tiennent 10% du capital et 20% des droits de vote. Cela permettrait aux personnels de ma\u00eetriser leur destin, notamment en cas d&rsquo;OPA hostile, alors que l&rsquo;Etat fran\u00e7ais envisage toujours de se d\u00e9lester d&rsquo;une partie de ses titres Orange.<\/p>\n<p><strong>Pour la CFE-CGC et l&rsquo;ADEAS,<a class=\"liens\" href=\"http:\/\/www.cfecgc-orange.org\/201709125946\/revue-de-presse\/privatisations-la-cfe-cgc-d-orange-interpelle-edouard-philippe-le-monde.html\"><br \/>\nOrange est une entreprise strat\u00e9gique<\/a>, <\/strong><br \/>\n<a class=\"liens\" href=\"http:\/\/www.cfecgc-orange.org\/documents\/votre-syndicat\/elections\/elections-professionnelles-2017\/prof_de_foi_ca_cfe-cgc-orange_site_de_vote_ok.pdf\" target=\"_blank\" rel=\"noopener\"><strong>Orange, c&rsquo;est la France !<\/strong> <\/a><\/p>\n","protected":false},"excerpt":{"rendered":"<p>Le 1er juin 2017, la CFE-CGC Orange et l&rsquo;ADEAS avaient invit\u00e9 leurs adh\u00e9rents \u00e0 un d\u00e9jeuner convivial, dont Arnaud Montebourg, ancien Ministre du redressement productif et du num\u00e9rique, \u00e9tait l&rsquo;invit\u00e9 d&rsquo;honneur. Nous vous offrons un floril\u00e8ge de son intervention. A cette occasion, Monsieur Montebourg a constat\u00e9 avec plaisir et int\u00e9r\u00eat que nos organisations s&rsquo;\u00e9taient imm\u00e9diatement [&hellip;]<\/p>\n","protected":false},"author":1,"featured_media":0,"comment_status":"open","ping_status":"closed","sticky":false,"template":"","format":"standard","meta":{"_monsterinsights_skip_tracking":false,"_monsterinsights_sitenote_active":false,"_monsterinsights_sitenote_note":"","_monsterinsights_sitenote_category":0,"footnotes":""},"categories":[28,3],"tags":[22,11,42,48],"class_list":["post-1873","post","type-post","status-publish","format-standard","hentry","category-en-pratique","category-laction-de-ladeas","tag-actionnariat","tag-actionnariat-salarie","tag-assemblee-generale","tag-gouvernance"],"_links":{"self":[{"href":"https:\/\/www.adeas.org\/index.php\/wp-json\/wp\/v2\/posts\/1873","targetHints":{"allow":["GET"]}}],"collection":[{"href":"https:\/\/www.adeas.org\/index.php\/wp-json\/wp\/v2\/posts"}],"about":[{"href":"https:\/\/www.adeas.org\/index.php\/wp-json\/wp\/v2\/types\/post"}],"author":[{"embeddable":true,"href":"https:\/\/www.adeas.org\/index.php\/wp-json\/wp\/v2\/users\/1"}],"replies":[{"embeddable":true,"href":"https:\/\/www.adeas.org\/index.php\/wp-json\/wp\/v2\/comments?post=1873"}],"version-history":[{"count":1,"href":"https:\/\/www.adeas.org\/index.php\/wp-json\/wp\/v2\/posts\/1873\/revisions"}],"predecessor-version":[{"id":1874,"href":"https:\/\/www.adeas.org\/index.php\/wp-json\/wp\/v2\/posts\/1873\/revisions\/1874"}],"wp:attachment":[{"href":"https:\/\/www.adeas.org\/index.php\/wp-json\/wp\/v2\/media?parent=1873"}],"wp:term":[{"taxonomy":"category","embeddable":true,"href":"https:\/\/www.adeas.org\/index.php\/wp-json\/wp\/v2\/categories?post=1873"},{"taxonomy":"post_tag","embeddable":true,"href":"https:\/\/www.adeas.org\/index.php\/wp-json\/wp\/v2\/tags?post=1873"}],"curies":[{"name":"wp","href":"https:\/\/api.w.org\/{rel}","templated":true}]}}