{"id":186,"date":"2010-02-02T13:58:52","date_gmt":"2010-02-02T12:58:52","guid":{"rendered":"http:\/\/www.adeas.org\/?p=186"},"modified":"2010-02-02T13:58:52","modified_gmt":"2010-02-02T12:58:52","slug":"la-nomination-de-stephane-richard-releve-les-preconisations-des-analystes","status":"publish","type":"post","link":"https:\/\/www.adeas.org\/index.php\/revue-de-web\/la-nomination-de-stephane-richard-releve-les-preconisations-des-analystes\/","title":{"rendered":"La nomination de St\u00e9phane Richard rel\u00e8ve les pr\u00e9conisations des analystes"},"content":{"rendered":"<p>Les <a href=\"http:\/\/www.investir.fr\/infos-conseils-boursiers\/infos-conseils-valeurs\/infos\/stephane-richard-prendra-les-renes-le-1-er-mars-202338.php\">analystes d&rsquo;Investir<\/a>, qui suivent de pr\u00e8s l&rsquo;action France T\u00e9l\u00e9com, rel\u00e8vent leurs pr\u00e9conisations d&rsquo;achat, et proposent un objectif de cours \u00e0 21\u20ac (l&rsquo;action est actuellement \u00e0 16,90 \u20ac), en lien avec la nomination de St\u00e9phane Richard \u00e0 la direction op\u00e9rationnelle de l&rsquo;entreprise :<\/p>\n<blockquote><p>Le passage de t\u00e9moin entre Didier Lombard et St\u00e9phane Richard sera effectif dans quelques semaines. Les d\u00e9fis qui attendent le nouveau directeur g\u00e9n\u00e9ral sont nombreux mais nous restons positifs sur le dossier. Acheter pour viser 21 euros.<\/p><\/blockquote>\n<p>Souhaitons qu&rsquo;ils aient raison : une remont\u00e9e du cours pourrait diminuer la pression sur le versement de dividendes, et permettre \u00e0 l&rsquo;entreprise de relancer ses investissements, notamment dans la fibre et les r\u00e9seaux en g\u00e9n\u00e9ral. Une strat\u00e9gie sans aucun doute plus favorable \u00e0 la p\u00e9rennit\u00e9 de l&rsquo;entreprise, et donc des emplois associ\u00e9s.<\/p>\n","protected":false},"excerpt":{"rendered":"<p>Les analystes d&rsquo;Investir, qui suivent de pr\u00e8s l&rsquo;action France T\u00e9l\u00e9com, rel\u00e8vent leurs pr\u00e9conisations d&rsquo;achat, et proposent un objectif de cours \u00e0 21\u20ac (l&rsquo;action est actuellement \u00e0 16,90 \u20ac), en lien avec la nomination de St\u00e9phane Richard \u00e0 la direction op\u00e9rationnelle de l&rsquo;entreprise : Le passage de t\u00e9moin entre Didier Lombard et St\u00e9phane Richard sera effectif [&hellip;]<\/p>\n","protected":false},"author":3,"featured_media":0,"comment_status":"open","ping_status":"closed","sticky":false,"template":"","format":"standard","meta":{"_monsterinsights_skip_tracking":false,"_monsterinsights_sitenote_active":false,"_monsterinsights_sitenote_note":"","_monsterinsights_sitenote_category":0,"footnotes":""},"categories":[25,8],"tags":[26,21,5],"class_list":["post-186","post","type-post","status-publish","format-standard","hentry","category-nos-analyses","category-revue-de-web","tag-analystes","tag-bourse","tag-strategie"],"_links":{"self":[{"href":"https:\/\/www.adeas.org\/index.php\/wp-json\/wp\/v2\/posts\/186","targetHints":{"allow":["GET"]}}],"collection":[{"href":"https:\/\/www.adeas.org\/index.php\/wp-json\/wp\/v2\/posts"}],"about":[{"href":"https:\/\/www.adeas.org\/index.php\/wp-json\/wp\/v2\/types\/post"}],"author":[{"embeddable":true,"href":"https:\/\/www.adeas.org\/index.php\/wp-json\/wp\/v2\/users\/3"}],"replies":[{"embeddable":true,"href":"https:\/\/www.adeas.org\/index.php\/wp-json\/wp\/v2\/comments?post=186"}],"version-history":[{"count":2,"href":"https:\/\/www.adeas.org\/index.php\/wp-json\/wp\/v2\/posts\/186\/revisions"}],"predecessor-version":[{"id":188,"href":"https:\/\/www.adeas.org\/index.php\/wp-json\/wp\/v2\/posts\/186\/revisions\/188"}],"wp:attachment":[{"href":"https:\/\/www.adeas.org\/index.php\/wp-json\/wp\/v2\/media?parent=186"}],"wp:term":[{"taxonomy":"category","embeddable":true,"href":"https:\/\/www.adeas.org\/index.php\/wp-json\/wp\/v2\/categories?post=186"},{"taxonomy":"post_tag","embeddable":true,"href":"https:\/\/www.adeas.org\/index.php\/wp-json\/wp\/v2\/tags?post=186"}],"curies":[{"name":"wp","href":"https:\/\/api.w.org\/{rel}","templated":true}]}}