{"id":1855,"date":"2017-09-28T13:09:38","date_gmt":"2017-09-28T11:09:38","guid":{"rendered":"http:\/\/www.adeas.org\/?p=1855"},"modified":"2017-09-28T13:09:38","modified_gmt":"2017-09-28T11:09:38","slug":"fiscalite-des-actions-la-france-change-de-modele-et-mise-sur-le-capital-minoritaires-com","status":"publish","type":"post","link":"https:\/\/www.adeas.org\/index.php\/revue-de-web\/fiscalite-des-actions-la-france-change-de-modele-et-mise-sur-le-capital-minoritaires-com\/","title":{"rendered":"Fiscalit\u00e9 des actions : la France change de mod\u00e8le et mise sur le capital &#8211; minoritaires.com"},"content":{"rendered":"<blockquote><p><a href=\"http:\/\/www.minoritaires.com\/fiscalite-des-actions-la-france-mise-sur-le-capital\/\"><img decoding=\"async\" class=\"alignnone size-full\" src=\"https:\/\/www.adeas.org\/wp-content\/uploads\/2017\/09\/fiscalitC3A9-des-actions-620x290.png\" alt=\"\" \/><\/a>Le projet de loi de finances 2018 pr\u00e9voit une fiscalit\u00e9 des actions plus incitative pour les d\u00e9tenteurs de gros portefeuilles. Le gouvernement cr\u00e9e des conditions favorables \u00e0 un nouveau programme de privatisations et mise sur la th\u00e9orie du ruissellement.\u00a0 On ne pourra pas reprocher \u00e0 Emmanuel Macron son incoh\u00e9rence en mati\u00e8re de fiscalit\u00e9. L&rsquo;actionnaire, habitu\u00e9\u2026<\/p><\/blockquote>\n<p>Source\u00a0: <em><a href=\"http:\/\/www.minoritaires.com\/fiscalite-des-actions-la-france-mise-sur-le-capital\/\">Fiscalit\u00e9 des actions : la France change de mod\u00e8le et mise sur le capital &#8211; minoritaires.com<\/a><\/em><\/p>\n<p>Nous ne partageons pas forc\u00e9ment tous les \u00e9l\u00e9ments de cette analyse, mais elle est int\u00e9ressante \u00e0 conna\u00eetre&#8230; et ce qui sera valid\u00e9 par le parlement puis mis en \u0153uvre est \u00e0 suivre de pr\u00e8s.<\/p>\n<p>Il faudra notamment v\u00e9rifier ce qui se passera pour les actions d\u00e9tenues par les salari\u00e9s dans un PEE ou un PEG, et les actions de performance d\u00e9di\u00e9es aux dirigeants des entreprises (il existe un plan de cette nature chez Orange), et en analyser toutes les cons\u00e9quences possibles pour les personnels d\u00e9tenteurs d&rsquo;une \u00e9pargne actionnariale.<\/p>\n","protected":false},"excerpt":{"rendered":"<p>Le projet de loi de finances 2018 pr\u00e9voit une fiscalit\u00e9 des actions plus incitative pour les d\u00e9tenteurs de gros portefeuilles. Le gouvernement cr\u00e9e des conditions favorables \u00e0 un nouveau programme de privatisations et mise sur la th\u00e9orie du ruissellement.\u00a0 On ne pourra pas reprocher \u00e0 Emmanuel Macron son incoh\u00e9rence en mati\u00e8re de fiscalit\u00e9. L&rsquo;actionnaire, habitu\u00e9\u2026 [&hellip;]<\/p>\n","protected":false},"author":1,"featured_media":0,"comment_status":"open","ping_status":"closed","sticky":false,"template":"","format":"standard","meta":{"_monsterinsights_skip_tracking":false,"_monsterinsights_sitenote_active":false,"_monsterinsights_sitenote_note":"","_monsterinsights_sitenote_category":0,"footnotes":""},"categories":[8],"tags":[22,11,47,15],"class_list":["post-1855","post","type-post","status-publish","format-standard","hentry","category-revue-de-web","tag-actionnariat","tag-actionnariat-salarie","tag-fiscalite","tag-legislation"],"_links":{"self":[{"href":"https:\/\/www.adeas.org\/index.php\/wp-json\/wp\/v2\/posts\/1855","targetHints":{"allow":["GET"]}}],"collection":[{"href":"https:\/\/www.adeas.org\/index.php\/wp-json\/wp\/v2\/posts"}],"about":[{"href":"https:\/\/www.adeas.org\/index.php\/wp-json\/wp\/v2\/types\/post"}],"author":[{"embeddable":true,"href":"https:\/\/www.adeas.org\/index.php\/wp-json\/wp\/v2\/users\/1"}],"replies":[{"embeddable":true,"href":"https:\/\/www.adeas.org\/index.php\/wp-json\/wp\/v2\/comments?post=1855"}],"version-history":[{"count":1,"href":"https:\/\/www.adeas.org\/index.php\/wp-json\/wp\/v2\/posts\/1855\/revisions"}],"predecessor-version":[{"id":1857,"href":"https:\/\/www.adeas.org\/index.php\/wp-json\/wp\/v2\/posts\/1855\/revisions\/1857"}],"wp:attachment":[{"href":"https:\/\/www.adeas.org\/index.php\/wp-json\/wp\/v2\/media?parent=1855"}],"wp:term":[{"taxonomy":"category","embeddable":true,"href":"https:\/\/www.adeas.org\/index.php\/wp-json\/wp\/v2\/categories?post=1855"},{"taxonomy":"post_tag","embeddable":true,"href":"https:\/\/www.adeas.org\/index.php\/wp-json\/wp\/v2\/tags?post=1855"}],"curies":[{"name":"wp","href":"https:\/\/api.w.org\/{rel}","templated":true}]}}