{"id":1722,"date":"2017-03-10T20:21:59","date_gmt":"2017-03-10T19:21:59","guid":{"rendered":"http:\/\/www.adeas.org\/?p=1722"},"modified":"2017-03-10T20:21:59","modified_gmt":"2017-03-10T19:21:59","slug":"caporange2017-ca-vous-interesse","status":"publish","type":"post","link":"https:\/\/www.adeas.org\/index.php\/en-pratique\/caporange2017-ca-vous-interesse\/","title":{"rendered":"#CapOrange2017 &#8211; \u00c7a vous int\u00e9resse ?"},"content":{"rendered":"<p><img decoding=\"async\" src=\"http:\/\/www.cfecgc-orange.org\/documents\/images\/cavousinteresse1.gif\" alt=\"cavousinteresse1\" \/><\/p>\n<ul>\n<li>le niveau du dividende<\/li>\n<li>la strat\u00e9gie de l\u2019entreprise pour faire monter le cours de l\u2019action<\/li>\n<li>le maintien de l\u2019investissement et de l\u2019emploi pour que notre entreprise se d\u00e9veloppe<\/li>\n<li>des Offres R\u00e9serv\u00e9es aux Personnels (ORP) g\u00e9n\u00e9reuses pour atteindre 10% du capital d\u00e9tenu par les personnels<\/li>\n<li>le choix du PDG d\u2019Orange<br \/>\n(le mandat de St\u00e9phane Richard arrive \u00e0 \u00e9ch\u00e9ance lors de l&rsquo;AG 2018)<\/li>\n<li>la validation d&rsquo;op\u00e9rations de fusions-acquisitions<br \/>\n(rapprochement avec un op\u00e9rateur comme Bouygues Telecom ou un acteur des m\u00e9dias comme Canal+ par ex.)<\/li>\n<\/ul>\n<h3 style=\"text-align: center;\">Tous ces \u00e9l\u00e9ments influent sur votre quotidien,<br \/>\net sur la strat\u00e9gie de l\u2019entreprise, qui d\u00e9termine la valeur de vos actions Orange.<\/h3>\n<p style=\"text-align: center;\">Les repr\u00e9sentants que vous aurez \u00e9lus au Conseil de Surveillance Cap\u2019Orange<br \/>\nvoteront en votre nom sur ces sujets<br \/>\nlors des 3 prochaines Assembl\u00e9es G\u00e9n\u00e9rales des actionnaires d&rsquo;Orange.<\/p>\n<h2 style=\"text-align: center;\"><a href=\"https:\/\/cap-orange-votes.voxaly.com\/pages\/identification.htm\">Alors cliquez ici pour voter sans attendre<\/a><\/h2>\n<h3>\u00a0Vous n\u2019avez pas vos codes de vote ? Vous pouvez les r\u00e9cup\u00e9rer instantan\u00e9ment\u00a0:<\/h3>\n<ul>\n<li><a href=\"https:\/\/cap-orange-votes.voxaly.com\/pages\/duplicata\/identification.htm\">compl\u00e9ter le formulaire de demande de codes<\/a><br \/>\n(avec votre num\u00e9ro de compte Amundi, rappel\u00e9 dans le mail sur la participation)<\/li>\n<li>appeler de 9h00 \u00e0 18h00 (heure de Paris) sauf le week-end\u00a0: 0800 108 625 ou (+33) 2 40 71 30 00 depuis l\u2019\u00e9tranger. (le num\u00e9ro de compte Amundi n\u2019est pas n\u00e9cessaire).<\/li>\n<\/ul>\n<h3>Vous voulez en savoir +\u00a0?<\/h3>\n<ul>\n<li>Retrouvez sur le site de la CFE-CGC Orange notre profession de foi, le trombinoscope de nos candidats, et nos vid\u00e9os explicatives\u00a0: <a href=\"http:\/\/bit.ly\/CapOrange2017\">bit.ly\/CapOrange2017<\/a><\/li>\n<li>Retrouvez nous sur <a href=\"https:\/\/www.facebook.com\/adeas.telecom\">Facebook <\/a>et <a href=\"https:\/\/twitter.com\/adeasorange\">Twitter <\/a>avec le mot clef #CapOrange2017<\/li>\n<\/ul>\n<p>&nbsp;<\/p>\n<p><strong>T\u00e9l\u00e9charger le flyer en pdf<\/strong> : <a class=\"wf_file\" href=\"http:\/\/www.cfecgc-orange.org\/documents\/votre-syndicat\/elections\/elections_caporange_2017_-flyer.pdf\"><img decoding=\"async\" class=\"wf_file_icon\" src=\"http:\/\/www.cfecgc-orange.org\/media\/jce\/icons\/pdf.png\" alt=\"pdf\" \/><span class=\"wf_file_text\">elections_caporange_2017_-flyer.pdf<\/span><\/a><\/p>\n","protected":false},"excerpt":{"rendered":"<p>le niveau du dividende la strat\u00e9gie de l\u2019entreprise pour faire monter le cours de l\u2019action le maintien de l\u2019investissement et de l\u2019emploi pour que notre entreprise se d\u00e9veloppe des Offres R\u00e9serv\u00e9es aux Personnels (ORP) g\u00e9n\u00e9reuses pour atteindre 10% du capital d\u00e9tenu par les personnels le choix du PDG d\u2019Orange (le mandat de St\u00e9phane Richard arrive [&hellip;]<\/p>\n","protected":false},"author":1,"featured_media":0,"comment_status":"open","ping_status":"closed","sticky":false,"template":"","format":"standard","meta":{"_monsterinsights_skip_tracking":false,"_monsterinsights_sitenote_active":false,"_monsterinsights_sitenote_note":"","_monsterinsights_sitenote_category":0,"footnotes":""},"categories":[28],"tags":[11,55,43],"class_list":["post-1722","post","type-post","status-publish","format-standard","hentry","category-en-pratique","tag-actionnariat-salarie","tag-election","tag-vote"],"_links":{"self":[{"href":"https:\/\/www.adeas.org\/index.php\/wp-json\/wp\/v2\/posts\/1722","targetHints":{"allow":["GET"]}}],"collection":[{"href":"https:\/\/www.adeas.org\/index.php\/wp-json\/wp\/v2\/posts"}],"about":[{"href":"https:\/\/www.adeas.org\/index.php\/wp-json\/wp\/v2\/types\/post"}],"author":[{"embeddable":true,"href":"https:\/\/www.adeas.org\/index.php\/wp-json\/wp\/v2\/users\/1"}],"replies":[{"embeddable":true,"href":"https:\/\/www.adeas.org\/index.php\/wp-json\/wp\/v2\/comments?post=1722"}],"version-history":[{"count":1,"href":"https:\/\/www.adeas.org\/index.php\/wp-json\/wp\/v2\/posts\/1722\/revisions"}],"predecessor-version":[{"id":1723,"href":"https:\/\/www.adeas.org\/index.php\/wp-json\/wp\/v2\/posts\/1722\/revisions\/1723"}],"wp:attachment":[{"href":"https:\/\/www.adeas.org\/index.php\/wp-json\/wp\/v2\/media?parent=1722"}],"wp:term":[{"taxonomy":"category","embeddable":true,"href":"https:\/\/www.adeas.org\/index.php\/wp-json\/wp\/v2\/categories?post=1722"},{"taxonomy":"post_tag","embeddable":true,"href":"https:\/\/www.adeas.org\/index.php\/wp-json\/wp\/v2\/tags?post=1722"}],"curies":[{"name":"wp","href":"https:\/\/api.w.org\/{rel}","templated":true}]}}