{"id":1703,"date":"2017-03-02T12:54:28","date_gmt":"2017-03-02T11:54:28","guid":{"rendered":"http:\/\/www.adeas.org\/?p=1703"},"modified":"2017-03-02T12:54:28","modified_gmt":"2017-03-02T11:54:28","slug":"jeudi-2-mars-a-15-h-sebastien-crozier-en-live-sur-lelection-caporange-2017","status":"publish","type":"post","link":"https:\/\/www.adeas.org\/index.php\/en-pratique\/jeudi-2-mars-a-15-h-sebastien-crozier-en-live-sur-lelection-caporange-2017\/","title":{"rendered":"Jeudi 2 mars \u00e0 15 h : S\u00e9bastien Crozier en live sur l&rsquo;\u00e9lection Cap&rsquo;Orange 2017"},"content":{"rendered":"<p>Elections <a href=\"https:\/\/twitter.com\/hashtag\/CapOrange2017?src=hash\" dir=\"ltr\" data-query-source=\"hashtag_click\"><s>#<\/s><b>CapOrange2017<\/b><\/a> &#8211; Jeudi 2 mars \u00e0 15h-16h S\u00e9bastien Crozier <a href=\"https:\/\/twitter.com\/crozierblog\" dir=\"ltr\" data-mentioned-user-id=\"80089582\"><s>@<\/s><b>crozierblog<\/b><\/a> en Live sur <a href=\"https:\/\/twitter.com\/facebook\" dir=\"ltr\" data-mentioned-user-id=\"2425151\"><s>@<\/s><b>facebook<\/b><\/a> Direct et <a href=\"https:\/\/twitter.com\/periscopetv\" dir=\"ltr\" data-mentioned-user-id=\"3085835595\"><s>@<\/s><b>periscopetv<\/b><\/a> <a href=\"https:\/\/twitter.com\/hashtag\/CFECGCORANGE?src=hash\" dir=\"ltr\" data-query-source=\"hashtag_click\"><s>#<\/s><b>CFECGCORANGE<\/b><\/a><\/p>\n<p>&nbsp;<\/p>\n<p><iframe loading=\"lazy\" src=\"https:\/\/www.facebook.com\/plugins\/video.php?href=https%3A%2F%2Fwww.facebook.com%2F100012945913793%2Fvideos%2F267713673670161%2F&#038;show_text=0&#038;width=560\" width=\"560\" height=\"315\" style=\"border: none; overflow: hidden;\" allowfullscreen=\"allowfullscreen\"><\/iframe><\/p>\n","protected":false},"excerpt":{"rendered":"<p>Elections #CapOrange2017 &#8211; Jeudi 2 mars \u00e0 15h-16h S\u00e9bastien Crozier @crozierblog en Live sur @facebook Direct et @periscopetv #CFECGCORANGE &nbsp;<\/p>\n","protected":false},"author":1,"featured_media":0,"comment_status":"open","ping_status":"closed","sticky":false,"template":"","format":"standard","meta":{"_monsterinsights_skip_tracking":false,"_monsterinsights_sitenote_active":false,"_monsterinsights_sitenote_note":"","_monsterinsights_sitenote_category":0,"footnotes":""},"categories":[28],"tags":[11,55,48],"class_list":["post-1703","post","type-post","status-publish","format-standard","hentry","category-en-pratique","tag-actionnariat-salarie","tag-election","tag-gouvernance"],"_links":{"self":[{"href":"https:\/\/www.adeas.org\/index.php\/wp-json\/wp\/v2\/posts\/1703","targetHints":{"allow":["GET"]}}],"collection":[{"href":"https:\/\/www.adeas.org\/index.php\/wp-json\/wp\/v2\/posts"}],"about":[{"href":"https:\/\/www.adeas.org\/index.php\/wp-json\/wp\/v2\/types\/post"}],"author":[{"embeddable":true,"href":"https:\/\/www.adeas.org\/index.php\/wp-json\/wp\/v2\/users\/1"}],"replies":[{"embeddable":true,"href":"https:\/\/www.adeas.org\/index.php\/wp-json\/wp\/v2\/comments?post=1703"}],"version-history":[{"count":1,"href":"https:\/\/www.adeas.org\/index.php\/wp-json\/wp\/v2\/posts\/1703\/revisions"}],"predecessor-version":[{"id":1704,"href":"https:\/\/www.adeas.org\/index.php\/wp-json\/wp\/v2\/posts\/1703\/revisions\/1704"}],"wp:attachment":[{"href":"https:\/\/www.adeas.org\/index.php\/wp-json\/wp\/v2\/media?parent=1703"}],"wp:term":[{"taxonomy":"category","embeddable":true,"href":"https:\/\/www.adeas.org\/index.php\/wp-json\/wp\/v2\/categories?post=1703"},{"taxonomy":"post_tag","embeddable":true,"href":"https:\/\/www.adeas.org\/index.php\/wp-json\/wp\/v2\/tags?post=1703"}],"curies":[{"name":"wp","href":"https:\/\/api.w.org\/{rel}","templated":true}]}}