{"id":1623,"date":"2017-01-06T15:26:55","date_gmt":"2017-01-06T14:26:55","guid":{"rendered":"http:\/\/www.adeas.org\/?p=1623"},"modified":"2017-01-06T15:26:55","modified_gmt":"2017-01-06T14:26:55","slug":"elections-du-conseil-de-surveillance-caporange-du-6-au-14-mars-2017","status":"publish","type":"post","link":"https:\/\/www.adeas.org\/index.php\/en-pratique\/elections-du-conseil-de-surveillance-caporange-du-6-au-14-mars-2017\/","title":{"rendered":"\u00c9lections du Conseil de Surveillance Cap&rsquo;Orange du 6 au 14 mars 2017"},"content":{"rendered":"<p>Dans une p\u00e9riode tr\u00e8s chahut\u00e9e pour notre secteur, o\u00f9 des signaux successifs indiquent que l\u2019\u00c9tat souhaite se d\u00e9sengager du capital d\u2019Orange, ce qui influera sur la gouvernance de notre entreprise, <strong>nous souhaitons permettre aux salari\u00e9-e-s actionnaires de peser dans le d\u00e9bat.<\/strong><\/p>\n<p>Dans ce contexte, l&rsquo;\u00e9lection du Conseil de Surveillance du fonds Cap&rsquo;Orange,\u00a0qui poss\u00e8de environ 5% du capital de notre entreprise et 8% des droits de vote, rev\u00eat une importance particuli\u00e8re.<\/p>\n<h3>Le nouveau fonds (FCPE) Cap\u2019Orange<\/h3>\n<p>Le nouveau fonds Cap\u2019Orange rassemble, depuis le 1<sup>er<\/sup> janvier 2017, l\u2019ensemble des actions Orange d\u00e9tenues par les personnels du Groupe au sein du Plan \u00c9pargne Groupe (PEG). Autrement dit, il s\u2019agit d\u2019une fusion des fonds Orange Actions et Cap Orange. Ce fonds comporte 4 compartiments\u00a0:<\/p>\n<table border=\"1\">\n<tbody>\n<tr>\n<td>Nom du compartiment<\/td>\n<td>Source des parts<\/td>\n<td>Nbre total <b><br \/>\n<\/b>de <b>p<\/b>arts<\/td>\n<td>Nbre total de porteurs de parts<\/td>\n<\/tr>\n<tr>\n<td>Orange Actions<\/td>\n<td>parts C (comme Capitalisation\u00a0: les dividendes sont automatiquement r\u00e9investis dans de nouvelles parts du fonds) &amp; D (comme Dividendes\u00a0: les dividendes sont vers\u00e9s en cash et imposables avec les revenus de l\u2019ann\u00e9e) issues du fonds Orange Actions<\/td>\n<td>107 millions<\/td>\n<td>116 000<\/td>\n<\/tr>\n<tr>\n<td>Cap\u2019Orange Classique<\/td>\n<td>parts C &amp; D issues des deux derni\u00e8res ORP (Cap\u2019Orange en 2014, Orange Ambition en 2016), pour toutes les souscriptions \u00e0 l\u2019offre Classique<\/td>\n<td>17 millions<\/td>\n<td>35 000<\/td>\n<\/tr>\n<tr>\n<td>Cap\u2019Orange Garanti 2014<\/td>\n<td>parts issues de l\u2019ORP Cap Orange 2014, pour toutes les souscriptions \u00e0 l\u2019offre Garantie<\/td>\n<td>6 millions<\/td>\n<td>18 000<\/td>\n<\/tr>\n<tr>\n<td>Cap\u2019Orange Garanti 2016<\/td>\n<td>parts issues de l\u2019ORP Orange Ambition 2016, pour toutes les souscriptions \u00e0 l\u2019offre Garantie<\/td>\n<td>2 millions<\/td>\n<td>21 000<\/td>\n<\/tr>\n<\/tbody>\n<\/table>\n<p><i>(donn\u00e9es octobre 2016)<\/i><\/p>\n<h3>R\u00f4le et composition du Conseil de Surveillance<\/h3>\n<p>Le Conseil de Surveillance d\u2019un FCPE\u00a0:<\/p>\n<ul>\n<li>contr\u00f4le la gestion et les comptes du fonds (qui sont r\u00e9alis\u00e9s par la banque gestionnaire, en l\u2019occurrence Amundi),<\/li>\n<li>\u00a0d\u00e9cide des modifications essentielles de la vie du fonds (modes de gouvernance, \u00e9volution du r\u00e8glement du fonds\u2026)<\/li>\n<li>et, s\u2019agissant d\u2019un fonds compos\u00e9 d\u2019actions de l\u2019entreprise, il exerce les pr\u00e9rogatives et droits de vote en Assembl\u00e9e G\u00e9n\u00e9rale associ\u00e9s \u00e0 la d\u00e9tention d\u2019actions\u00a0: vote des r\u00e9solutions, proposition de r\u00e9solutions ou de points \u00e0 mettre \u00e0 l\u2019ordre du jour de l\u2019Assembl\u00e9e G\u00e9n\u00e9rale, d\u00e9signation des candidats propos\u00e9s \u00e0 l\u2019AG des actionnaires pour repr\u00e9senter les personnels actionnaires au Conseil d\u2019Administration de l\u2019entreprise\u2026<\/li>\n<\/ul>\n<p>La composition du Conseil de Surveillance du fonds Cap\u2019Orange n\u2019est pas modifi\u00e9e.<\/p>\n<p>16 membres titulaires y si\u00e8gent :<\/p>\n<ul>\n<li><b>8 membres salari\u00e9s porteurs de parts \u00e9lus par les porteurs de parts (50% des droits de vote au sein du Conseil de Surveillance).<\/b><\/li>\n<li>4 membres salari\u00e9s porteurs de parts d\u00e9sign\u00e9s par les OS repr\u00e9sentatives au niveau du Groupe Orange souhaitant si\u00e9ger \u00e0 ce Conseil de surveillance, \u00e0 raison d\u2019un membre par OS repr\u00e9sentative (25% des droits de vote). SUD ne souhaitant pas si\u00e9ger, les 4 OS qui enverront des repr\u00e9sentants sont\u00a0: CFE-CGC Orange, CDFT, CGT, FO.<\/li>\n<li>4 membres repr\u00e9sentant l\u2019Entreprise, d\u00e9sign\u00e9s par la Direction (25% des droits de vote).<\/li>\n<\/ul>\n<h3>L\u2019\u00e9lection des salari\u00e9s porteurs de parts<\/h3>\n<p>Tous les personnels d\u00e9tenant des actions Orange dans le PEG, qu\u2019ils soient ou non pr\u00e9sent dans l\u2019entreprise au moment du vote, \u00e0 raison de 1 part = 1 voix.<\/p>\n<p>Le vote sera exclusivement \u00e9lectronique, sans possibilit\u00e9 de donner procuration, du lundi 6 mars 2017, 9h00 au mercredi 15 mars\u00a0 2017, 14h00.<\/p>\n<p>Comme pr\u00e9c\u00e9demment, il s&rsquo;agira d&rsquo;un scrutin de liste \u00e0 la proportionnelle \u00e0 la plus forte moyenne, sur la base de listes compos\u00e9es de 16 candidats (8 titulaires, 8 suppl\u00e9ant-e-s).<\/p>\n","protected":false},"excerpt":{"rendered":"<p>Dans une p\u00e9riode tr\u00e8s chahut\u00e9e pour notre secteur, o\u00f9 des signaux successifs indiquent que l\u2019\u00c9tat souhaite se d\u00e9sengager du capital d\u2019Orange, ce qui influera sur la gouvernance de notre entreprise, nous souhaitons permettre aux salari\u00e9-e-s actionnaires de peser dans le d\u00e9bat. Dans ce contexte, l&rsquo;\u00e9lection du Conseil de Surveillance du fonds Cap&rsquo;Orange,\u00a0qui poss\u00e8de environ 5% [&hellip;]<\/p>\n","protected":false},"author":1,"featured_media":0,"comment_status":"open","ping_status":"closed","sticky":false,"template":"","format":"standard","meta":{"_monsterinsights_skip_tracking":false,"_monsterinsights_sitenote_active":false,"_monsterinsights_sitenote_note":"","_monsterinsights_sitenote_category":0,"footnotes":""},"categories":[28],"tags":[11,55,48,45],"class_list":["post-1623","post","type-post","status-publish","format-standard","hentry","category-en-pratique","tag-actionnariat-salarie","tag-election","tag-gouvernance","tag-peg"],"_links":{"self":[{"href":"https:\/\/www.adeas.org\/index.php\/wp-json\/wp\/v2\/posts\/1623","targetHints":{"allow":["GET"]}}],"collection":[{"href":"https:\/\/www.adeas.org\/index.php\/wp-json\/wp\/v2\/posts"}],"about":[{"href":"https:\/\/www.adeas.org\/index.php\/wp-json\/wp\/v2\/types\/post"}],"author":[{"embeddable":true,"href":"https:\/\/www.adeas.org\/index.php\/wp-json\/wp\/v2\/users\/1"}],"replies":[{"embeddable":true,"href":"https:\/\/www.adeas.org\/index.php\/wp-json\/wp\/v2\/comments?post=1623"}],"version-history":[{"count":1,"href":"https:\/\/www.adeas.org\/index.php\/wp-json\/wp\/v2\/posts\/1623\/revisions"}],"predecessor-version":[{"id":1624,"href":"https:\/\/www.adeas.org\/index.php\/wp-json\/wp\/v2\/posts\/1623\/revisions\/1624"}],"wp:attachment":[{"href":"https:\/\/www.adeas.org\/index.php\/wp-json\/wp\/v2\/media?parent=1623"}],"wp:term":[{"taxonomy":"category","embeddable":true,"href":"https:\/\/www.adeas.org\/index.php\/wp-json\/wp\/v2\/categories?post=1623"},{"taxonomy":"post_tag","embeddable":true,"href":"https:\/\/www.adeas.org\/index.php\/wp-json\/wp\/v2\/tags?post=1623"}],"curies":[{"name":"wp","href":"https:\/\/api.w.org\/{rel}","templated":true}]}}