{"id":1558,"date":"2016-10-20T12:27:15","date_gmt":"2016-10-20T10:27:15","guid":{"rendered":"http:\/\/www.adeas.org\/?p=1558"},"modified":"2016-10-20T12:27:15","modified_gmt":"2016-10-20T10:27:15","slug":"les-actionnaires-de-solocal-lex-pagesjaunes-rejettent-le-plan-de-restructuration-financiere","status":"publish","type":"post","link":"https:\/\/www.adeas.org\/index.php\/revue-de-web\/les-actionnaires-de-solocal-lex-pagesjaunes-rejettent-le-plan-de-restructuration-financiere\/","title":{"rendered":"Les actionnaires de SoLocal, l\u2019ex-PagesJaunes, rejettent le plan de restructuration financi\u00e8re"},"content":{"rendered":"<blockquote><p><a href=\"http:\/\/www.lemonde.fr\/entreprises\/article\/2016\/10\/20\/les-actionnaires-de-solocal-l-ex-pagesjaunes-rejettent-le-plan-de-restructuration-financiere_5017212_1656994.html\"><img decoding=\"async\" class=\"alignnone size-full\" src=\"https:\/\/www.adeas.org\/wp-content\/uploads\/2016\/10\/5017211_3_5993_photo-prise-le-8-aout-2003-a-caen-d-un-t_b6a73744e5065fd21dbadc163da6cd66.jpg\" alt=\"\" \/><\/a>La soci\u00e9t\u00e9, qui emploie 4\u00a0400\u00a0personnes et est endett\u00e9e \u00e0 hauteur de 1,1\u00a0milliard d\u2019euros, entre dans une p\u00e9riode d\u2019incertitude.<\/p><\/blockquote>\n<p>Source\u00a0: <em><a href=\"http:\/\/www.lemonde.fr\/entreprises\/article\/2016\/10\/20\/les-actionnaires-de-solocal-l-ex-pagesjaunes-rejettent-le-plan-de-restructuration-financiere_5017212_1656994.html\">Les actionnaires de SoLocal, l\u2019ex-PagesJaunes, rejettent le plan de restructuration financi\u00e8re<\/a><\/em><\/p>\n<p>Un d\u00e9cryptage ordonn\u00e9 du CA d&rsquo;hier, que l&rsquo;on peut compl\u00e9ter en lisant l&rsquo;article des Echos : <a href=\"http:\/\/www.lesechos.fr\/tech-medias\/medias\/0211411727950-solocal-les-actionnaires-rejettent-le-plan-de-desendettement-2036349.php\">Solocal plong\u00e9 dans l\u2019incertitude, le titre est suspendu en Bourse.<\/a><\/p>\n","protected":false},"excerpt":{"rendered":"<p>La soci\u00e9t\u00e9, qui emploie 4\u00a0400\u00a0personnes et est endett\u00e9e \u00e0 hauteur de 1,1\u00a0milliard d\u2019euros, entre dans une p\u00e9riode d\u2019incertitude. Source\u00a0: Les actionnaires de SoLocal, l\u2019ex-PagesJaunes, rejettent le plan de restructuration financi\u00e8re Un d\u00e9cryptage ordonn\u00e9 du CA d&rsquo;hier, que l&rsquo;on peut compl\u00e9ter en lisant l&rsquo;article des Echos : Solocal plong\u00e9 dans l\u2019incertitude, le titre est suspendu en [&hellip;]<\/p>\n","protected":false},"author":1,"featured_media":0,"comment_status":"open","ping_status":"closed","sticky":false,"template":"","format":"standard","meta":{"_monsterinsights_skip_tracking":false,"_monsterinsights_sitenote_active":false,"_monsterinsights_sitenote_note":"","_monsterinsights_sitenote_category":0,"footnotes":""},"categories":[8],"tags":[22,11,42],"class_list":["post-1558","post","type-post","status-publish","format-standard","hentry","category-revue-de-web","tag-actionnariat","tag-actionnariat-salarie","tag-assemblee-generale"],"_links":{"self":[{"href":"https:\/\/www.adeas.org\/index.php\/wp-json\/wp\/v2\/posts\/1558","targetHints":{"allow":["GET"]}}],"collection":[{"href":"https:\/\/www.adeas.org\/index.php\/wp-json\/wp\/v2\/posts"}],"about":[{"href":"https:\/\/www.adeas.org\/index.php\/wp-json\/wp\/v2\/types\/post"}],"author":[{"embeddable":true,"href":"https:\/\/www.adeas.org\/index.php\/wp-json\/wp\/v2\/users\/1"}],"replies":[{"embeddable":true,"href":"https:\/\/www.adeas.org\/index.php\/wp-json\/wp\/v2\/comments?post=1558"}],"version-history":[{"count":1,"href":"https:\/\/www.adeas.org\/index.php\/wp-json\/wp\/v2\/posts\/1558\/revisions"}],"predecessor-version":[{"id":1560,"href":"https:\/\/www.adeas.org\/index.php\/wp-json\/wp\/v2\/posts\/1558\/revisions\/1560"}],"wp:attachment":[{"href":"https:\/\/www.adeas.org\/index.php\/wp-json\/wp\/v2\/media?parent=1558"}],"wp:term":[{"taxonomy":"category","embeddable":true,"href":"https:\/\/www.adeas.org\/index.php\/wp-json\/wp\/v2\/categories?post=1558"},{"taxonomy":"post_tag","embeddable":true,"href":"https:\/\/www.adeas.org\/index.php\/wp-json\/wp\/v2\/tags?post=1558"}],"curies":[{"name":"wp","href":"https:\/\/api.w.org\/{rel}","templated":true}]}}