{"id":1523,"date":"2016-08-31T15:09:20","date_gmt":"2016-08-31T13:09:20","guid":{"rendered":"http:\/\/www.adeas.org\/?p=1523"},"modified":"2016-08-31T15:09:20","modified_gmt":"2016-08-31T13:09:20","slug":"la-tension-monte-dun-cran-chez-solocal","status":"publish","type":"post","link":"https:\/\/www.adeas.org\/index.php\/revue-de-web\/la-tension-monte-dun-cran-chez-solocal\/","title":{"rendered":"La tension monte d\u2019un cran chez SoLocal"},"content":{"rendered":"<p><a href=\"http:\/\/www.lesechos.fr\/tech-medias\/medias\/0211243656577-la-tension-monte-dun-cran-chez-solocal-2023880.php#xtor=EPR-12-%5Btech_medias%5D-20160831-%5BProv_%5D-1890580%402\"><img decoding=\"async\" class=\"alignnone size-full\" src=\"https:\/\/www.adeas.org\/wp-content\/uploads\/2016\/08\/2023880_la-tension-monte-dun-cran-chez-solocal-web-0211243870133.jpg\" alt=\"\" \/><\/a>Source\u00a0: <em><a href=\"http:\/\/www.lesechos.fr\/tech-medias\/medias\/0211243656577-la-tension-monte-dun-cran-chez-solocal-2023880.php#xtor=EPR-12-%5Btech_medias%5D-20160831-%5BProv_%5D-1890580%402\">La tension monte d\u2019un cran chez SoLocal<\/a><\/em><\/p>\n<div class=\"copy-paste-block\">Attaqu\u00e9 tout au long de l&rsquo;\u00e9t\u00e9, notamment par une association d&rsquo;actionnaires, le groupe a tenu \u00e0 r\u00e9agir et a pr\u00e9cis\u00e9 le plan qu&rsquo;il propose, lors de son traditionnel \u00ab investor day \u00bb. SoLocal a mis en demeure l&rsquo;association Regroupement PPLocal, qui avait r\u00e9clam\u00e9 \u00e0 l&rsquo;Autorit\u00e9 des March\u00e9s Financiers, il y a quelques jours, l&rsquo;ouverture d&rsquo;une enqu\u00eate pour \u00ab manipulation de l&rsquo;information \u00bb, \u00ab manque de transparence \u00bb, \u00ab in\u00e9galit\u00e9 de traitement entre les actionnaires \u00bb, et \u00ab prise de contr\u00f4le d\u00e9guis\u00e9e \u00e0 un prix totalement d\u00e9connect\u00e9 de la r\u00e9alit\u00e9 \u00e9conomique. \u00bb Des accusations formellement r\u00e9fut\u00e9es par le <a class=\"LIEN_EXTERNE\" title=\"D\u00e9finition de PDG\" href=\"http:\/\/www.lesechos.fr\/finance-marches\/vernimmen\/definition_president-directeur-general.html#xtor=SEC-3168\" rel=\"lien_auto\">PDG<\/a> de SoLocal Jean-Pierre Remy. \u00ab C&rsquo;est de la calomnie. Ma priorit\u00e9 n&rsquo;est pas d&rsquo;attaquer les actionnaires en Justice, donc nous en restons pour l&rsquo;instant \u00e0 une mise en demeure. Mais si ces attaques ne cessent pas, il y aura une action en Justice \u00bb, a-t-il expliqu\u00e9.<\/p>\n<\/div>\n","protected":false},"excerpt":{"rendered":"<p>Source\u00a0: La tension monte d\u2019un cran chez SoLocal Attaqu\u00e9 tout au long de l&rsquo;\u00e9t\u00e9, notamment par une association d&rsquo;actionnaires, le groupe a tenu \u00e0 r\u00e9agir et a pr\u00e9cis\u00e9 le plan qu&rsquo;il propose, lors de son traditionnel \u00ab investor day \u00bb. SoLocal a mis en demeure l&rsquo;association Regroupement PPLocal, qui avait r\u00e9clam\u00e9 \u00e0 l&rsquo;Autorit\u00e9 des March\u00e9s [&hellip;]<\/p>\n","protected":false},"author":1,"featured_media":0,"comment_status":"open","ping_status":"closed","sticky":false,"template":"","format":"standard","meta":{"_monsterinsights_skip_tracking":false,"_monsterinsights_sitenote_active":false,"_monsterinsights_sitenote_note":"","_monsterinsights_sitenote_category":0,"footnotes":""},"categories":[8],"tags":[22,5],"class_list":["post-1523","post","type-post","status-publish","format-standard","hentry","category-revue-de-web","tag-actionnariat","tag-strategie"],"_links":{"self":[{"href":"https:\/\/www.adeas.org\/index.php\/wp-json\/wp\/v2\/posts\/1523","targetHints":{"allow":["GET"]}}],"collection":[{"href":"https:\/\/www.adeas.org\/index.php\/wp-json\/wp\/v2\/posts"}],"about":[{"href":"https:\/\/www.adeas.org\/index.php\/wp-json\/wp\/v2\/types\/post"}],"author":[{"embeddable":true,"href":"https:\/\/www.adeas.org\/index.php\/wp-json\/wp\/v2\/users\/1"}],"replies":[{"embeddable":true,"href":"https:\/\/www.adeas.org\/index.php\/wp-json\/wp\/v2\/comments?post=1523"}],"version-history":[{"count":1,"href":"https:\/\/www.adeas.org\/index.php\/wp-json\/wp\/v2\/posts\/1523\/revisions"}],"predecessor-version":[{"id":1525,"href":"https:\/\/www.adeas.org\/index.php\/wp-json\/wp\/v2\/posts\/1523\/revisions\/1525"}],"wp:attachment":[{"href":"https:\/\/www.adeas.org\/index.php\/wp-json\/wp\/v2\/media?parent=1523"}],"wp:term":[{"taxonomy":"category","embeddable":true,"href":"https:\/\/www.adeas.org\/index.php\/wp-json\/wp\/v2\/categories?post=1523"},{"taxonomy":"post_tag","embeddable":true,"href":"https:\/\/www.adeas.org\/index.php\/wp-json\/wp\/v2\/tags?post=1523"}],"curies":[{"name":"wp","href":"https:\/\/api.w.org\/{rel}","templated":true}]}}