{"id":1492,"date":"2016-06-24T09:10:34","date_gmt":"2016-06-24T07:10:34","guid":{"rendered":"http:\/\/www.adeas.org\/?p=1492"},"modified":"2016-06-27T09:35:51","modified_gmt":"2016-06-27T07:35:51","slug":"orange-fait-lautruche-sur-sa-dette-la-lettre-a","status":"publish","type":"post","link":"https:\/\/www.adeas.org\/index.php\/laction-de-ladeas\/orange-fait-lautruche-sur-sa-dette-la-lettre-a\/","title":{"rendered":"Orange fait l&rsquo;autruche sur sa dette &#8211; La lettre A"},"content":{"rendered":"<p>[&#8230;]<\/p>\n<p>Le recours aux obligations perp\u00e9tuelles, ces titres sans date de maturit\u00e9, font pol\u00e9mique chez Orange, qui a r\u00e9alis\u00e9 un chiffre d&rsquo;affaires de 40,23 milliards d&rsquo;euros en 2015. Pour nombre de salari\u00e9s, c&rsquo;est un \u00e9cran de fum\u00e9e pour minimiser les 27 milliards d&rsquo;euros d&rsquo;endettement de l&rsquo;ex France T\u00e9l\u00e9com.<\/p>\n<p>[&#8230;]<\/p>\n<p>Le sujet \u00e9pineux s&rsquo;est d&rsquo;ailleurs invit\u00e9 dans les d\u00e9bats de l&rsquo;assembl\u00e9e g\u00e9n\u00e9rale mixte du 7 juin entre la direction du groupe et les repr\u00e9sentants des actionnaires salari\u00e9s.<\/p>\n<p>[&#8230;]<\/p>\n<p><a href=\"http:\/\/www.lalettrea.fr\/strategies-d-entreprise\/2016\/06\/23\/orange-fait-l-autruche-sur-sa-dette,108171586-ARL\"><strong>Extrait de La Lettre A &#8211; 23 juin 2016<\/strong><\/a><\/p>\n<p>NDLR : voir les <a href=\"http:\/\/www.orange.com\/fr\/content\/download\/37595\/1151915\/version\/1\/file\/R%C3%A9ponses%20du%20conseil%20d%27administration%20aux%20questions%20%C3%A9crites%20AG2016.pdf\">r\u00e9ponses du Conseil d\u2019Administration aux questions \u00e9crites des actionnaires<\/a>, dont <a href=\"https:\/\/www.adeas.org\/index.php\/laction-de-ladeas\/ag-des-actionnaires-dorange-les-questions-ecrites-de-ladeas\/\">celles de l\u2019ADEAS<\/a>.<\/p>\n","protected":false},"excerpt":{"rendered":"<p>[&#8230;] Le recours aux obligations perp\u00e9tuelles, ces titres sans date de maturit\u00e9, font pol\u00e9mique chez Orange, qui a r\u00e9alis\u00e9 un chiffre d&rsquo;affaires de 40,23 milliards d&rsquo;euros en 2015. Pour nombre de salari\u00e9s, c&rsquo;est un \u00e9cran de fum\u00e9e pour minimiser les 27 milliards d&rsquo;euros d&rsquo;endettement de l&rsquo;ex France T\u00e9l\u00e9com. [&#8230;] Le sujet \u00e9pineux s&rsquo;est d&rsquo;ailleurs invit\u00e9 [&hellip;]<\/p>\n","protected":false},"author":1,"featured_media":0,"comment_status":"open","ping_status":"closed","sticky":false,"template":"","format":"standard","meta":{"_monsterinsights_skip_tracking":false,"_monsterinsights_sitenote_active":false,"_monsterinsights_sitenote_note":"","_monsterinsights_sitenote_category":0,"footnotes":""},"categories":[3,8],"tags":[11,42,49,44],"class_list":["post-1492","post","type-post","status-publish","format-standard","hentry","category-laction-de-ladeas","category-revue-de-web","tag-actionnariat-salarie","tag-assemblee-generale","tag-finance","tag-gestion"],"_links":{"self":[{"href":"https:\/\/www.adeas.org\/index.php\/wp-json\/wp\/v2\/posts\/1492","targetHints":{"allow":["GET"]}}],"collection":[{"href":"https:\/\/www.adeas.org\/index.php\/wp-json\/wp\/v2\/posts"}],"about":[{"href":"https:\/\/www.adeas.org\/index.php\/wp-json\/wp\/v2\/types\/post"}],"author":[{"embeddable":true,"href":"https:\/\/www.adeas.org\/index.php\/wp-json\/wp\/v2\/users\/1"}],"replies":[{"embeddable":true,"href":"https:\/\/www.adeas.org\/index.php\/wp-json\/wp\/v2\/comments?post=1492"}],"version-history":[{"count":2,"href":"https:\/\/www.adeas.org\/index.php\/wp-json\/wp\/v2\/posts\/1492\/revisions"}],"predecessor-version":[{"id":1494,"href":"https:\/\/www.adeas.org\/index.php\/wp-json\/wp\/v2\/posts\/1492\/revisions\/1494"}],"wp:attachment":[{"href":"https:\/\/www.adeas.org\/index.php\/wp-json\/wp\/v2\/media?parent=1492"}],"wp:term":[{"taxonomy":"category","embeddable":true,"href":"https:\/\/www.adeas.org\/index.php\/wp-json\/wp\/v2\/categories?post=1492"},{"taxonomy":"post_tag","embeddable":true,"href":"https:\/\/www.adeas.org\/index.php\/wp-json\/wp\/v2\/tags?post=1492"}],"curies":[{"name":"wp","href":"https:\/\/api.w.org\/{rel}","templated":true}]}}