{"id":1450,"date":"2016-05-25T18:50:31","date_gmt":"2016-05-25T16:50:31","guid":{"rendered":"http:\/\/www.adeas.org\/?p=1450"},"modified":"2016-05-27T17:28:11","modified_gmt":"2016-05-27T15:28:11","slug":"lettre-de-lepargne-et-de-lactionnariat-salaries-t2-2016-special-ag","status":"publish","type":"post","link":"https:\/\/www.adeas.org\/index.php\/laction-de-ladeas\/lettre-de-lepargne-et-de-lactionnariat-salaries-t2-2016-special-ag\/","title":{"rendered":"Lettre de l\u2019\u00c9pargne et de l&rsquo;Actionnariat salari\u00e9s &#8211; T2 2016 Sp\u00e9cial AG"},"content":{"rendered":"<p><img loading=\"lazy\" decoding=\"async\" src=\"http:\/\/www.cfecgc-orange.org\/images\/stories\/Images\/tetiereLEA_T22016.png\" alt=\"tetiereLEA T22016\" width=\"493\" height=\"183\" \/><\/p>\n<h2>\u00a0Edition sp\u00e9ciale AG des actionnaires d&rsquo;Orange<\/h2>\n<h3>Au sommaire :<\/h3>\n<ul>\n<li><a href=\"http:\/\/www.cfecgc-orange.org\/201605255237\/participation-interessement-et-actionnariat\/retribution-des-dirigeants-bienvenue-en-suisse.html\">R\u00e9tribution des dirigeants : Bienvenue en Suisse !<\/a><\/li>\n<li><a href=\"http:\/\/www.cfecgc-orange.org\/201605255240\/participation-interessement-et-actionnariat\/ambition-2016-bilan-d-un-echec-annonce.html\">Ambition 2016 : bilan d&rsquo;un \u00e9chec annonc\u00e9.<\/a><\/li>\n<li><a href=\"http:\/\/www.cfecgc-orange.org\/201605255239\/participation-interessement-et-actionnariat\/droits-de-vote-mettre-fin-aux-entraves.html\">Droits de vote : mettre fin aux entraves !<\/a><\/li>\n<li><a href=\"http:\/\/www.cfecgc-orange.org\/201605255238\/participation-interessement-et-actionnariat\/perco-touchez-pas-au-grisbi.html\">Perco : Touchez pas au grisbi !<\/a><\/li>\n<\/ul>\n<p>T\u00e9l\u00e9charger la lettre en pdf : <a class=\"wf_file\" href=\"http:\/\/www.cfecgc-orange.org\/images\/stories\/documents\/lettreepargne\/2016\/LEA_T2-2016_AG_des_actionnaires_Vdef2.pdf\"><img loading=\"lazy\" decoding=\"async\" class=\"wf_file_icon\" src=\"http:\/\/www.cfecgc-orange.org\/media\/jce\/icons\/pdf.png\" alt=\"pdf\" width=\"20\" height=\"20\" \/><span class=\"wf_file_text\">LEA_T2-2016_AG_des_actionnaires_Vdef2.pdf<\/span><\/a><\/p>\n","protected":false},"excerpt":{"rendered":"<p>\u00a0Edition sp\u00e9ciale AG des actionnaires d&rsquo;Orange Au sommaire : R\u00e9tribution des dirigeants : Bienvenue en Suisse ! Ambition 2016 : bilan d&rsquo;un \u00e9chec annonc\u00e9. Droits de vote : mettre fin aux entraves ! Perco : Touchez pas au grisbi ! T\u00e9l\u00e9charger la lettre en pdf : LEA_T2-2016_AG_des_actionnaires_Vdef2.pdf<\/p>\n","protected":false},"author":1,"featured_media":0,"comment_status":"open","ping_status":"closed","sticky":false,"template":"","format":"standard","meta":{"_monsterinsights_skip_tracking":false,"_monsterinsights_sitenote_active":false,"_monsterinsights_sitenote_note":"","_monsterinsights_sitenote_category":0,"footnotes":""},"categories":[3,41],"tags":[11,42,36,48,12,39],"class_list":["post-1450","post","type-post","status-publish","format-standard","hentry","category-laction-de-ladeas","category-lettre-epargne-actionnariat-salaries","tag-actionnariat-salarie","tag-assemblee-generale","tag-dividendes","tag-gouvernance","tag-offre-reservee-au-personnel","tag-perco"],"_links":{"self":[{"href":"https:\/\/www.adeas.org\/index.php\/wp-json\/wp\/v2\/posts\/1450","targetHints":{"allow":["GET"]}}],"collection":[{"href":"https:\/\/www.adeas.org\/index.php\/wp-json\/wp\/v2\/posts"}],"about":[{"href":"https:\/\/www.adeas.org\/index.php\/wp-json\/wp\/v2\/types\/post"}],"author":[{"embeddable":true,"href":"https:\/\/www.adeas.org\/index.php\/wp-json\/wp\/v2\/users\/1"}],"replies":[{"embeddable":true,"href":"https:\/\/www.adeas.org\/index.php\/wp-json\/wp\/v2\/comments?post=1450"}],"version-history":[{"count":2,"href":"https:\/\/www.adeas.org\/index.php\/wp-json\/wp\/v2\/posts\/1450\/revisions"}],"predecessor-version":[{"id":1463,"href":"https:\/\/www.adeas.org\/index.php\/wp-json\/wp\/v2\/posts\/1450\/revisions\/1463"}],"wp:attachment":[{"href":"https:\/\/www.adeas.org\/index.php\/wp-json\/wp\/v2\/media?parent=1450"}],"wp:term":[{"taxonomy":"category","embeddable":true,"href":"https:\/\/www.adeas.org\/index.php\/wp-json\/wp\/v2\/categories?post=1450"},{"taxonomy":"post_tag","embeddable":true,"href":"https:\/\/www.adeas.org\/index.php\/wp-json\/wp\/v2\/tags?post=1450"}],"curies":[{"name":"wp","href":"https:\/\/api.w.org\/{rel}","templated":true}]}}