{"id":1428,"date":"2016-05-04T09:58:04","date_gmt":"2016-05-04T07:58:04","guid":{"rendered":"http:\/\/www.adeas.org\/?p=1428"},"modified":"2016-05-04T09:58:04","modified_gmt":"2016-05-04T07:58:04","slug":"la-cfe-cgc-dorange-interpelle-la-directrice-deleguee-de-renault","status":"publish","type":"post","link":"https:\/\/www.adeas.org\/index.php\/laction-de-ladeas\/la-cfe-cgc-dorange-interpelle-la-directrice-deleguee-de-renault\/","title":{"rendered":"La CFE-CGC d\u2019Orange interpelle la directrice d\u00e9l\u00e9gu\u00e9e de Renault"},"content":{"rendered":"<blockquote><p>Mouna Sepehri, directrice d\u00e9l\u00e9gu\u00e9e \u00e0 la pr\u00e9sidence de Renault et administratrice ind\u00e9pendante d\u2019Orange, est somm\u00e9e par un syndicat du groupe de t\u00e9l\u00e9coms de \u00ab condamner publiquement \u00bb l\u2019attitude du conseil d\u2019administration de Renault. En cause : le passage en force du conseil d\u2019administration du constructeur automobile concernant le salaire de son PDG, faisant fi de l\u2019avis n\u00e9gatif de l\u2019Assembl\u00e9e g\u00e9n\u00e9rale des actionnaires. Dans sa lettre ouverte \u00e0 Mouna Sepehri, pr\u00e9sidente du Comit\u00e9 charg\u00e9 de la r\u00e9mun\u00e9ration des mandataires sociaux d\u2019Orange,\u00a0 le syndicat CFE-CGC d\u2019Orange explique qu\u2019\u00ab\u00a0 il importe donc \u00e0 l\u2019ensemble des actionnaires d\u2019Orange ( \u2026) d\u2019avoir des certitudes quant \u00e0 l\u2019\u00e9thique qui pr\u00e9vaut dans notre entreprise. \u00bb<\/p><\/blockquote>\n<p>Source\u00a0: <em><a href=\"http:\/\/www.lalettredelexpansion.com\/011-39058-La-CFE-CGC-d-Orange-interpelle-la-directrice-deleguee-de-Renault.html\">La CFE-CGC d\u2019Orange interpelle la directrice d\u00e9l\u00e9gu\u00e9e de Renault &#8211; La Lettre de l&rsquo;Expansion<\/a><\/em><\/p>\n","protected":false},"excerpt":{"rendered":"<p>Mouna Sepehri, directrice d\u00e9l\u00e9gu\u00e9e \u00e0 la pr\u00e9sidence de Renault et administratrice ind\u00e9pendante d\u2019Orange, est somm\u00e9e par un syndicat du groupe de t\u00e9l\u00e9coms de \u00ab condamner publiquement \u00bb l\u2019attitude du conseil d\u2019administration de Renault. En cause : le passage en force du conseil d\u2019administration du constructeur automobile concernant le salaire de son PDG, faisant fi de [&hellip;]<\/p>\n","protected":false},"author":1,"featured_media":0,"comment_status":"open","ping_status":"closed","sticky":false,"template":"","format":"standard","meta":{"_monsterinsights_skip_tracking":false,"_monsterinsights_sitenote_active":false,"_monsterinsights_sitenote_note":"","_monsterinsights_sitenote_category":0,"footnotes":""},"categories":[3,8],"tags":[11,42,48,34],"class_list":["post-1428","post","type-post","status-publish","format-standard","hentry","category-laction-de-ladeas","category-revue-de-web","tag-actionnariat-salarie","tag-assemblee-generale","tag-gouvernance","tag-remuneration"],"_links":{"self":[{"href":"https:\/\/www.adeas.org\/index.php\/wp-json\/wp\/v2\/posts\/1428","targetHints":{"allow":["GET"]}}],"collection":[{"href":"https:\/\/www.adeas.org\/index.php\/wp-json\/wp\/v2\/posts"}],"about":[{"href":"https:\/\/www.adeas.org\/index.php\/wp-json\/wp\/v2\/types\/post"}],"author":[{"embeddable":true,"href":"https:\/\/www.adeas.org\/index.php\/wp-json\/wp\/v2\/users\/1"}],"replies":[{"embeddable":true,"href":"https:\/\/www.adeas.org\/index.php\/wp-json\/wp\/v2\/comments?post=1428"}],"version-history":[{"count":1,"href":"https:\/\/www.adeas.org\/index.php\/wp-json\/wp\/v2\/posts\/1428\/revisions"}],"predecessor-version":[{"id":1429,"href":"https:\/\/www.adeas.org\/index.php\/wp-json\/wp\/v2\/posts\/1428\/revisions\/1429"}],"wp:attachment":[{"href":"https:\/\/www.adeas.org\/index.php\/wp-json\/wp\/v2\/media?parent=1428"}],"wp:term":[{"taxonomy":"category","embeddable":true,"href":"https:\/\/www.adeas.org\/index.php\/wp-json\/wp\/v2\/categories?post=1428"},{"taxonomy":"post_tag","embeddable":true,"href":"https:\/\/www.adeas.org\/index.php\/wp-json\/wp\/v2\/tags?post=1428"}],"curies":[{"name":"wp","href":"https:\/\/api.w.org\/{rel}","templated":true}]}}