{"id":1415,"date":"2016-04-25T14:09:45","date_gmt":"2016-04-25T12:09:45","guid":{"rendered":"http:\/\/www.adeas.org\/?p=1415"},"modified":"2016-04-25T14:09:45","modified_gmt":"2016-04-25T12:09:45","slug":"orange-la-nouvelle-poire","status":"publish","type":"post","link":"https:\/\/www.adeas.org\/index.php\/revue-de-web\/orange-la-nouvelle-poire\/","title":{"rendered":"Orange, la nouvelle poire ?"},"content":{"rendered":"<blockquote><p><a href=\"http:\/\/abonnes.lemonde.fr\/economie\/article\/2016\/04\/25\/orange-la-nouvelle-poire_4908042_3234.html?xtref=https:\/\/www.google.com\/\"><img decoding=\"async\" class=\"alignnone size-full\" src=\"https:\/\/www.adeas.org\/wp-content\/uploads\/2016\/04\/4908041_3_1cad_an-orange-logo-is-seen-in-a-phone-shop-of-a_7cec9b791e5d0a58ec58fe71c2908691.jpg\" alt=\"\" \/><\/a>Emmanuel Macron exclut d\u2019all\u00e9ger la participation de l\u2019Etat au capital de l\u2019op\u00e9rateur. C\u2019est pourtant la principale ressource dont il dispose pour financer le rafistolage d\u2019une fili\u00e8re \u00e9nerg\u00e9tique en capilotade.<\/p><\/blockquote>\n<p>Source\u00a0: <em><a href=\"http:\/\/www.lemonde.fr\/economie\/article\/2016\/04\/25\/orange-la-nouvelle-poire_4908042_3234.html\">Orange, la nouvelle poire ?<\/a><\/em><\/p>\n","protected":false},"excerpt":{"rendered":"<p>Emmanuel Macron exclut d\u2019all\u00e9ger la participation de l\u2019Etat au capital de l\u2019op\u00e9rateur. C\u2019est pourtant la principale ressource dont il dispose pour financer le rafistolage d\u2019une fili\u00e8re \u00e9nerg\u00e9tique en capilotade. Source\u00a0: Orange, la nouvelle poire ?<\/p>\n","protected":false},"author":1,"featured_media":0,"comment_status":"open","ping_status":"closed","sticky":false,"template":"","format":"standard","meta":{"_monsterinsights_skip_tracking":false,"_monsterinsights_sitenote_active":false,"_monsterinsights_sitenote_note":"","_monsterinsights_sitenote_category":0,"footnotes":""},"categories":[8],"tags":[22,23],"class_list":["post-1415","post","type-post","status-publish","format-standard","hentry","category-revue-de-web","tag-actionnariat","tag-etat"],"_links":{"self":[{"href":"https:\/\/www.adeas.org\/index.php\/wp-json\/wp\/v2\/posts\/1415","targetHints":{"allow":["GET"]}}],"collection":[{"href":"https:\/\/www.adeas.org\/index.php\/wp-json\/wp\/v2\/posts"}],"about":[{"href":"https:\/\/www.adeas.org\/index.php\/wp-json\/wp\/v2\/types\/post"}],"author":[{"embeddable":true,"href":"https:\/\/www.adeas.org\/index.php\/wp-json\/wp\/v2\/users\/1"}],"replies":[{"embeddable":true,"href":"https:\/\/www.adeas.org\/index.php\/wp-json\/wp\/v2\/comments?post=1415"}],"version-history":[{"count":1,"href":"https:\/\/www.adeas.org\/index.php\/wp-json\/wp\/v2\/posts\/1415\/revisions"}],"predecessor-version":[{"id":1417,"href":"https:\/\/www.adeas.org\/index.php\/wp-json\/wp\/v2\/posts\/1415\/revisions\/1417"}],"wp:attachment":[{"href":"https:\/\/www.adeas.org\/index.php\/wp-json\/wp\/v2\/media?parent=1415"}],"wp:term":[{"taxonomy":"category","embeddable":true,"href":"https:\/\/www.adeas.org\/index.php\/wp-json\/wp\/v2\/categories?post=1415"},{"taxonomy":"post_tag","embeddable":true,"href":"https:\/\/www.adeas.org\/index.php\/wp-json\/wp\/v2\/tags?post=1415"}],"curies":[{"name":"wp","href":"https:\/\/api.w.org\/{rel}","templated":true}]}}