{"id":1407,"date":"2016-04-12T15:57:06","date_gmt":"2016-04-12T13:57:06","guid":{"rendered":"http:\/\/www.adeas.org\/?p=1407"},"modified":"2016-04-12T15:58:34","modified_gmt":"2016-04-12T13:58:34","slug":"calendrier-de-votre-epargne-salariale-jusqua-lag-des-actionnaires","status":"publish","type":"post","link":"https:\/\/www.adeas.org\/index.php\/en-pratique\/calendrier-de-votre-epargne-salariale-jusqua-lag-des-actionnaires\/","title":{"rendered":"Calendrier de votre \u00e9pargne salariale jusqu\u2019\u00e0 l\u2019AG des actionnaires"},"content":{"rendered":"<p>L\u2019actualit\u00e9 de l\u2019\u00e9pargne salariale est toujours tr\u00e8s dense au premier semestre, d\u2019autant plus cette ann\u00e9e avec l\u2019offre r\u00e9serv\u00e9e aux personnels \u00ab\u00a0Orange Ambition 2016\u00a0\u00bb et l\u2019int\u00e9ressement exceptionnel chez Orange SA.<\/p>\n<p>Nous vous proposons ci-dessous un calendrier des prochains \u00e9v\u00e9nements concernant votre \u00e9pargne salariale. La derni\u00e8re colonne du tableau vous pr\u00e9cise les \u00e9v\u00e9nements pouvant n\u00e9cessiter une action de votre part.<\/p>\n<table>\n<tbody>\n<tr>\n<td width=\"111\"><strong>quand<\/strong><\/td>\n<td width=\"284\"><strong>quoi<\/strong><\/td>\n<td width=\"209\"><strong>pour qui<\/strong><\/td>\n<td width=\"15\"><strong>\u00e0 faire<\/strong><\/td>\n<\/tr>\n<tr>\n<td width=\"111\"><strong>7 au 21 avril<\/strong><\/td>\n<td width=\"284\">placement de l&rsquo;int\u00e9ressement*<\/td>\n<td width=\"209\">personnels Orange SA<\/td>\n<td width=\"15\">choix de placement<\/td>\n<\/tr>\n<tr>\n<td width=\"111\"><strong>20 avril<\/strong><\/td>\n<td width=\"284\">investissement de la participation dans les dispositifs d\u2019\u00e9pargne salariale<\/td>\n<td width=\"209\">personnels du Groupe qui n\u2019ont pas demand\u00e9 le versement de leur participation en cash<\/td>\n<td width=\"15\"><\/td>\n<\/tr>\n<tr>\n<td width=\"111\"><strong>26 avril<\/strong><\/td>\n<td width=\"284\">annonce du prix de souscription Orange Ambition 2016<\/td>\n<td width=\"209\">personnels ayant souscrit \u00e0 l\u2019ORP<\/td>\n<td width=\"15\"><\/td>\n<\/tr>\n<tr>\n<td width=\"111\"><strong>28 avril<br \/>\nau 2 mai<\/strong><\/td>\n<td width=\"284\">p\u00e9riode de r\u00e9tractation \/ souscription Orange Ambition 2016<\/td>\n<td width=\"209\">personnels ayant souscrit \u00e0 l\u2019ORP<\/td>\n<td width=\"15\">\u00e9ventuelle r\u00e9tractation<\/td>\n<\/tr>\n<tr>\n<td width=\"111\"><strong>9 au 23 mai<\/strong><\/td>\n<td width=\"284\">placement du suppl\u00e9ment d&rsquo;int\u00e9ressement<\/td>\n<td width=\"209\">personnels Orange SA<\/td>\n<td width=\"15\">choix de placement<\/td>\n<\/tr>\n<tr>\n<td width=\"111\"><strong>23 mai\u00a0<\/strong><\/td>\n<td width=\"284\">investissement de l\u2019int\u00e9ressement dans les dispositifs d\u2019\u00e9pargne salariale<\/td>\n<td width=\"209\">personnels Orange SA n\u2019ayant pas demand\u00e9 le versement de leur int\u00e9ressement en cash<\/td>\n<td width=\"15\"><\/td>\n<\/tr>\n<tr>\n<td width=\"111\"><strong>23 mai<br \/>\nau 5 juin<\/strong><\/td>\n<td width=\"284\">p\u00e9riode d&rsquo;arbitrage PEG*<\/td>\n<td width=\"209\">personnels du Groupe ayant des fonds dans le PEG.<\/td>\n<td width=\"15\">\u00e9ventuel arbitrage<\/td>\n<\/tr>\n<tr>\n<td width=\"111\"><strong>31 mai<\/strong><\/td>\n<td width=\"284\">livraison des actions et cr\u00e9ation des parts Orange Ambition 2016<\/td>\n<td width=\"209\">personnels ayant souscrit \u00e0 l\u2019ORP<\/td>\n<td width=\"15\"><\/td>\n<\/tr>\n<tr>\n<td width=\"111\"><strong>7 juin<\/strong><\/td>\n<td width=\"284\">Assembl\u00e9e g\u00e9n\u00e9rale des actionnaires d&rsquo;Orange*<\/td>\n<td width=\"209\">tous les personnels actionnaires<\/td>\n<td width=\"15\">\u00e9ventuelle participation<\/td>\n<\/tr>\n<tr>\n<td width=\"111\"><strong>7 juin<\/strong><\/td>\n<td width=\"284\">visibilit\u00e9 des parts Orange Ambition 2016 dans le PEG<\/td>\n<td width=\"209\">personnels ayant souscrit \u00e0 l\u2019ORP<\/td>\n<td width=\"15\"><\/td>\n<\/tr>\n<tr>\n<td width=\"111\"><strong>20 juin<\/strong><\/td>\n<td width=\"284\">investissement du suppl\u00e9ment d\u2019int\u00e9ressement dans les dispositifs d\u2019\u00e9pargne salariale<\/td>\n<td width=\"209\">personnels Orange SA n\u2019ayant pas demand\u00e9 le versement de leur int\u00e9ressement exceptionnel en cash<\/td>\n<td width=\"15\"><\/td>\n<\/tr>\n<tr>\n<td width=\"111\"><strong>23 juin<\/strong><\/td>\n<td width=\"284\">paiement du solde du dividende au titre de l&rsquo;exercice 2015, soit 0,40 euro par action (sous r\u00e9serve d&rsquo;approbation par l\u2019Assembl\u00e9e g\u00e9n\u00e9rale des actionnaires)<\/td>\n<td width=\"209\">tous les personnels actionnaires<br \/>\n(hors offres \u00ab\u00a0Garanties\u00a0\u00bb des ORP Cap\u2019Orange et Orange Ambition)<\/td>\n<td width=\"15\"><\/td>\n<\/tr>\n<\/tbody>\n<\/table>\n<h3>* Placement de l\u2019int\u00e9ressement<\/h3>\n<p>Nous vous conseillons de lire attentivement la <a href=\"https:\/\/www.amundi-ee.com\/part\/home_ajax_noee?api=\/api\/courrier\/document&amp;typeRecherche=url&amp;url=%2Fnas%2FNOEE%2FDOCUMENT%2FCREELIA%2FENCARTS%2FEI_BO_INT_EDIWEB_OSA_2016_V3.pdf&amp;fileExtension=pdf\">note d\u2019information propos\u00e9e sur le site d\u2019Amundi<\/a>, qui rappelle les caract\u00e9ristiques des diff\u00e9rents dispositifs de placement qui vous sont propos\u00e9s (PEG ou PERCO) et des fonds de placement mis \u00e0 votre disposition dans le cadre de ces dispositifs.<\/p>\n<p>Le tableau ci-dessous vous en donne une rapide synth\u00e8se. <a href=\"https:\/\/www.amundi-ee.com\/part\/home_priv_entr_perf\">Sur le site d\u2019Amundi<\/a>, vous pouvez retrouver ce tableau, avec la performance pass\u00e9e des fonds et leurs horizons de placement, et des liens vers le descriptif d\u00e9taill\u00e9 de chaque fonds.<\/p>\n<p><em>Les liens sur le site d\u2019Amundi n\u00e9cessitent de s\u2019identifier. Si vous avez \u00e9gar\u00e9 vos codes d\u2019acc\u00e8s, une seule solution pour les r\u00e9cup\u00e9rer\u00a0: <a href=\"https:\/\/www.adeas.org\/index.php\/vos-codes-de-gestion\/\">contacter la banque<\/a>.<\/em><\/p>\n<table>\n<tbody>\n<tr>\n<td width=\"113\"><strong>Supports de placement<\/strong><\/td>\n<td width=\"45\"><strong>Niveau de risque<\/strong><\/td>\n<td width=\"94\"><strong>Dispositif<\/strong><\/td>\n<td width=\"267\"><strong>Observations<\/strong><\/td>\n<\/tr>\n<tr>\n<td width=\"113\"><strong>CAP&rsquo;ORANGE CLASSIQUE &#8211; C<\/strong><\/td>\n<td width=\"45\">7<\/td>\n<td width=\"94\">PEG<\/td>\n<td width=\"267\">Actions Orange<\/td>\n<\/tr>\n<tr>\n<td width=\"113\"><strong>CAP&rsquo;ORANGE GARANTI 2014<\/strong><\/td>\n<td width=\"45\">4<\/td>\n<td width=\"94\">PEG<\/td>\n<td width=\"267\">Actions Orange<\/td>\n<\/tr>\n<tr>\n<td width=\"113\"><strong>DYNAMIS SOLIDAIRE<\/strong><\/td>\n<td width=\"45\">5<\/td>\n<td width=\"94\">PEG<\/td>\n<td width=\"267\">actions de la zone Euro sur le th\u00e8me du d\u00e9veloppement durable<\/td>\n<\/tr>\n<tr>\n<td width=\"113\"><strong>EQUILIBRIS<\/strong><\/td>\n<td width=\"45\">1<\/td>\n<td width=\"94\">PEG<\/td>\n<td width=\"267\">fonds constitu\u00e9 uniquement de produits obligataires et mon\u00e9taires<\/td>\n<\/tr>\n<tr>\n<td width=\"113\"><strong>EVOLUTIS<\/strong><\/td>\n<td width=\"45\">4<\/td>\n<td width=\"94\">PEG<\/td>\n<td width=\"267\">fonds diversifi\u00e9 \u00e0 dominante obligataire<\/td>\n<\/tr>\n<tr>\n<td width=\"113\"><strong>ORANGE ACTIONS (C)<\/strong><\/td>\n<td width=\"45\">7<\/td>\n<td width=\"94\">PEG<\/td>\n<td width=\"267\">Actions Orange<\/td>\n<\/tr>\n<tr>\n<td width=\"113\"><strong>ORANGE ACTIONS (D)<\/strong><\/td>\n<td width=\"45\">7<\/td>\n<td width=\"94\">PEG<\/td>\n<td width=\"267\">Actions Orange<\/td>\n<\/tr>\n<tr>\n<td width=\"113\"><strong>AMUNDI OBJECTIF RETRAITE 2016 ESR<\/strong><\/td>\n<td width=\"45\">1<\/td>\n<td width=\"94\">Perco int\u00e9gral<\/td>\n<td width=\"267\">pour ceux qui partent \u00e0 la retraite entre 2016 et 2019<\/td>\n<\/tr>\n<tr>\n<td width=\"113\"><strong>AMUNDI OBJECTIF RETRAITE 2020 ESR<\/strong><\/td>\n<td width=\"45\">3<\/td>\n<td width=\"94\">Perco int\u00e9gral<\/td>\n<td width=\"267\">pour ceux qui partent \u00e0 la retraite entre 2020 et 2024<\/td>\n<\/tr>\n<tr>\n<td width=\"113\"><strong>AMUNDI OBJECTIF RETRAITE 2025 ESR<\/strong><\/td>\n<td width=\"45\">3<\/td>\n<td width=\"94\">Perco int\u00e9gral<\/td>\n<td width=\"267\">pour ceux qui partent \u00e0 la retraite entre 2025 et 2030<\/td>\n<\/tr>\n<tr>\n<td width=\"113\"><strong>AMUNDI OBJECTIF RETRAITE 2030 ESR<\/strong><\/td>\n<td width=\"45\">4<\/td>\n<td width=\"94\">Perco int\u00e9gral<\/td>\n<td width=\"267\">pour ceux qui partent \u00e0 la retraite en 2030 et au-del\u00e0<\/td>\n<\/tr>\n<tr>\n<td width=\"113\"><strong>HUMANIS ACTIONS SOLIDAIRE &#8211; PARTS A<\/strong><\/td>\n<td width=\"45\">6<\/td>\n<td width=\"94\">Perco libre uniquement<\/td>\n<td width=\"267\">actions diversifi\u00e9es et dans des entreprises solidaires<\/td>\n<\/tr>\n<tr>\n<td width=\"113\"><strong>ORANGE PERCO ACTIONS<\/strong><\/td>\n<td width=\"45\">6<\/td>\n<td width=\"94\">Perco libre \/ Perco pilot\u00e9<\/td>\n<td width=\"267\">actions diversifi\u00e9es<\/td>\n<\/tr>\n<tr>\n<td width=\"113\"><strong>ORANGE PERCO MONETAIRE<\/strong><\/td>\n<td width=\"45\">1<\/td>\n<td width=\"94\">Perco libre \/ Perco pilot\u00e9<\/td>\n<td width=\"267\">produits mon\u00e9taires<\/td>\n<\/tr>\n<tr>\n<td width=\"113\"><strong>ORANGE PERCO OBLIGATIONS<\/strong><\/td>\n<td width=\"45\">3<\/td>\n<td width=\"94\">Perco libre \/ Perco pilot\u00e9<\/td>\n<td width=\"267\">obligations<\/td>\n<\/tr>\n<\/tbody>\n<\/table>\n<p><em>Source\u00a0: Amundi &#8211; 1 = risque faible \u2013 7 = risque \u00e9lev\u00e9. En r\u00e8gle g\u00e9n\u00e9rale, plus le risque est faible, moins le rendement est important.<\/em><\/p>\n<h3>* P\u00e9riode d\u2019arbitrage<\/h3>\n<p>La <a href=\"https:\/\/www.adeas.org\/index.php\/en-pratique\/ouverture-dune-periode-darbitrage-du-22-fevrier-au-6-mars-2016\/\">p\u00e9riode d\u2019arbitrage PEG<\/a> vous permet de d\u00e9placer votre \u00e9pargne entre les fonds du PEG si vous le souhaitez.<\/p>\n<p>Dans le cadre de l\u2019op\u00e9ration \u00ab\u00a0Orange Ambition 2016\u00a0\u00bb, si vous avez choisi d\u2019utiliser votre participation pour souscrire, une partie de votre participation peut \u00eatre directement affect\u00e9e au PEG Equilibris, dans deux cas pr\u00e9cis\u00a0: r\u00e9tractation de votre souscription entre le 28 avril au 2 mai, ou \u00e9cr\u00eatage de votre souscription en cas de sursouscription de l\u2019offre r\u00e9serv\u00e9e aux personnels. Vous pourrez profiter de la p\u00e9riode d\u2019arbitrage pour d\u00e9placer cette affectation vers un autre fonds de placement du PEG.<\/p>\n<h3>* Assembl\u00e9e G\u00e9n\u00e9rale des actionnaires<\/h3>\n<p>Les adh\u00e9rents CFE-CGC &amp; ADEAS sont invit\u00e9s \u00e0 un \u00e9v\u00e9nement sp\u00e9cifique \u00e0 cette occasion\u00a0: nous vous en reparlerons tr\u00e8s prochainement, mais vous pouvez d\u2019ores et d\u00e9j\u00e0 r\u00e9server la date dans votre agenda.<\/p>\n<p>&nbsp;<\/p>\n<p><strong>Retrouvez aussi nos analyses et infos pratiques dans<\/strong><br \/>\n<a href=\"https:\/\/www.adeas.org\/index.php\/lettre-epargne-actionnariat-salaries\/lettre-de-lepargne-et-de-lactionnariat-salaries-t1-2016-special-interessement-participation-et-abondements\/\">notre Lettre de l\u2019\u00c9pargne et de l\u2019Actionnariat Salari\u00e9s sp\u00e9ciale \u00ab\u00a0participation, int\u00e9ressement, abondements\u00a0\u00bb<\/a>.<\/p>\n","protected":false},"excerpt":{"rendered":"<p>L\u2019actualit\u00e9 de l\u2019\u00e9pargne salariale est toujours tr\u00e8s dense au premier semestre, d\u2019autant plus cette ann\u00e9e avec l\u2019offre r\u00e9serv\u00e9e aux personnels \u00ab\u00a0Orange Ambition 2016\u00a0\u00bb et l\u2019int\u00e9ressement exceptionnel chez Orange SA. Nous vous proposons ci-dessous un calendrier des prochains \u00e9v\u00e9nements concernant votre \u00e9pargne salariale. La derni\u00e8re colonne du tableau vous pr\u00e9cise les \u00e9v\u00e9nements pouvant n\u00e9cessiter une action [&hellip;]<\/p>\n","protected":false},"author":1,"featured_media":0,"comment_status":"open","ping_status":"closed","sticky":false,"template":"","format":"standard","meta":{"_monsterinsights_skip_tracking":false,"_monsterinsights_sitenote_active":false,"_monsterinsights_sitenote_note":"","_monsterinsights_sitenote_category":0,"footnotes":""},"categories":[28],"tags":[40,11,38,12,45,39,17],"class_list":["post-1407","post","type-post","status-publish","format-standard","hentry","category-en-pratique","tag-abondement","tag-actionnariat-salarie","tag-interessement","tag-offre-reservee-au-personnel","tag-peg","tag-perco","tag-pratique"],"_links":{"self":[{"href":"https:\/\/www.adeas.org\/index.php\/wp-json\/wp\/v2\/posts\/1407","targetHints":{"allow":["GET"]}}],"collection":[{"href":"https:\/\/www.adeas.org\/index.php\/wp-json\/wp\/v2\/posts"}],"about":[{"href":"https:\/\/www.adeas.org\/index.php\/wp-json\/wp\/v2\/types\/post"}],"author":[{"embeddable":true,"href":"https:\/\/www.adeas.org\/index.php\/wp-json\/wp\/v2\/users\/1"}],"replies":[{"embeddable":true,"href":"https:\/\/www.adeas.org\/index.php\/wp-json\/wp\/v2\/comments?post=1407"}],"version-history":[{"count":2,"href":"https:\/\/www.adeas.org\/index.php\/wp-json\/wp\/v2\/posts\/1407\/revisions"}],"predecessor-version":[{"id":1409,"href":"https:\/\/www.adeas.org\/index.php\/wp-json\/wp\/v2\/posts\/1407\/revisions\/1409"}],"wp:attachment":[{"href":"https:\/\/www.adeas.org\/index.php\/wp-json\/wp\/v2\/media?parent=1407"}],"wp:term":[{"taxonomy":"category","embeddable":true,"href":"https:\/\/www.adeas.org\/index.php\/wp-json\/wp\/v2\/categories?post=1407"},{"taxonomy":"post_tag","embeddable":true,"href":"https:\/\/www.adeas.org\/index.php\/wp-json\/wp\/v2\/tags?post=1407"}],"curies":[{"name":"wp","href":"https:\/\/api.w.org\/{rel}","templated":true}]}}