{"id":1393,"date":"2016-04-11T12:20:33","date_gmt":"2016-04-11T10:20:33","guid":{"rendered":"http:\/\/www.adeas.org\/?p=1393"},"modified":"2016-04-11T12:23:46","modified_gmt":"2016-04-11T10:23:46","slug":"letat-francais-detient-plus-de-20-des-droits-de-vote-dorange","status":"publish","type":"post","link":"https:\/\/www.adeas.org\/index.php\/en-pratique\/letat-francais-detient-plus-de-20-des-droits-de-vote-dorange\/","title":{"rendered":"L\u2019Etat fran\u00e7ais d\u00e9tient plus de 20% des droits de vote d\u2019Orange"},"content":{"rendered":"<p><a href=\"http:\/\/www.lesechos.fr\/tech-medias\/hightech\/021827704028-letat-francais-detient-plus-de-20-des-droits-de-vote-dorange-1212654.php#xtor=EPR-130\"><img decoding=\"async\" class=\"alignnone size-full\" src=\"https:\/\/www.adeas.org\/wp-content\/uploads\/2016\/04\/1212654_letat-francais-detient-plus-de-20-des-droits-de-vote-dorange-web-tete-021827704066_660x352p.jpg\" alt=\"\" \/><\/a><\/p>\n<p>Source\u00a0: <em><a href=\"http:\/\/www.lesechos.fr\/tech-medias\/hightech\/021827704028-letat-francais-detient-plus-de-20-des-droits-de-vote-dorange-1212654.php#xtor=EPR-130\">L\u2019Etat fran\u00e7ais d\u00e9tient plus de 20% des droits de vote d\u2019Orange<\/a><\/em><\/p>\n<p>Les personnels d&rsquo;Orange d\u00e9tiennent pour leur part 7,79% des droits de vote en Assembl\u00e9 G\u00e9n\u00e9rale (dont 7,11% au travers du PEG Orange Actions et 0,68% au travers des actions d\u00e9tenues au nominatif pur, essentiellement li\u00e9es au plan NExT Rewards), pour 4,89% du capital au 31\/03\/2016 (ie : avant la finalisation de l&rsquo;offre r\u00e9serv\u00e9e aux personnels Orange Ambition 2016).<\/p>\n<p><em>Voir aussi :<\/em> <a href=\"http:\/\/www.orange.com\/fr\/content\/download\/35100\/1116311\/version\/6\/file\/2016%2003_Informations%20nombre%20DDV%20et%20actions.pdf\">le communiqu\u00e9 officiel du nombre total de droits de vote<\/a> suite \u00e0 la mise en application de la loi Florange chez Orange.<\/p>\n","protected":false},"excerpt":{"rendered":"<p>Source\u00a0: L\u2019Etat fran\u00e7ais d\u00e9tient plus de 20% des droits de vote d\u2019Orange Les personnels d&rsquo;Orange d\u00e9tiennent pour leur part 7,79% des droits de vote en Assembl\u00e9 G\u00e9n\u00e9rale (dont 7,11% au travers du PEG Orange Actions et 0,68% au travers des actions d\u00e9tenues au nominatif pur, essentiellement li\u00e9es au plan NExT Rewards), pour 4,89% du capital [&hellip;]<\/p>\n","protected":false},"author":1,"featured_media":0,"comment_status":"open","ping_status":"closed","sticky":false,"template":"","format":"standard","meta":{"_monsterinsights_skip_tracking":false,"_monsterinsights_sitenote_active":false,"_monsterinsights_sitenote_note":"","_monsterinsights_sitenote_category":0,"footnotes":""},"categories":[28],"tags":[22,11,42,23],"class_list":["post-1393","post","type-post","status-publish","format-standard","hentry","category-en-pratique","tag-actionnariat","tag-actionnariat-salarie","tag-assemblee-generale","tag-etat"],"_links":{"self":[{"href":"https:\/\/www.adeas.org\/index.php\/wp-json\/wp\/v2\/posts\/1393","targetHints":{"allow":["GET"]}}],"collection":[{"href":"https:\/\/www.adeas.org\/index.php\/wp-json\/wp\/v2\/posts"}],"about":[{"href":"https:\/\/www.adeas.org\/index.php\/wp-json\/wp\/v2\/types\/post"}],"author":[{"embeddable":true,"href":"https:\/\/www.adeas.org\/index.php\/wp-json\/wp\/v2\/users\/1"}],"replies":[{"embeddable":true,"href":"https:\/\/www.adeas.org\/index.php\/wp-json\/wp\/v2\/comments?post=1393"}],"version-history":[{"count":4,"href":"https:\/\/www.adeas.org\/index.php\/wp-json\/wp\/v2\/posts\/1393\/revisions"}],"predecessor-version":[{"id":1399,"href":"https:\/\/www.adeas.org\/index.php\/wp-json\/wp\/v2\/posts\/1393\/revisions\/1399"}],"wp:attachment":[{"href":"https:\/\/www.adeas.org\/index.php\/wp-json\/wp\/v2\/media?parent=1393"}],"wp:term":[{"taxonomy":"category","embeddable":true,"href":"https:\/\/www.adeas.org\/index.php\/wp-json\/wp\/v2\/categories?post=1393"},{"taxonomy":"post_tag","embeddable":true,"href":"https:\/\/www.adeas.org\/index.php\/wp-json\/wp\/v2\/tags?post=1393"}],"curies":[{"name":"wp","href":"https:\/\/api.w.org\/{rel}","templated":true}]}}