{"id":138,"date":"2009-12-01T11:06:24","date_gmt":"2009-12-01T10:06:24","guid":{"rendered":"http:\/\/www.adeas.org\/?p=138"},"modified":"2009-12-01T11:10:21","modified_gmt":"2009-12-01T10:10:21","slug":"les-salaries-et-actionnaires-de-france-telecom-une-nouvelle-fois-victimes-de-la-bureaucratie-bruxelloise","status":"publish","type":"post","link":"https:\/\/www.adeas.org\/index.php\/communique-de-presse\/les-salaries-et-actionnaires-de-france-telecom-une-nouvelle-fois-victimes-de-la-bureaucratie-bruxelloise\/","title":{"rendered":"Les salari\u00e9s et actionnaires de France T\u00e9l\u00e9com une nouvelle fois victimes de la bureaucratie bruxelloise."},"content":{"rendered":"<p>La Cour europ\u00e9enne de Justice <a href=\"http:\/\/tempsreel.nouvelobs.com\/depeches\/international\/europe\/20091130.FAP5674\/france_telecom_la_justice_europeenne_confirme_la_decisi.html\">vient de confirmer la d\u00e9cision de la Commission<\/a> qui ordonne la r\u00e9cup\u00e9ration de pr\u00e9tendues aides de l\u2019\u00c9tat fran\u00e7ais en faveur de France T\u00e9l\u00e9com. Il s\u2019agit en l\u2019occurrence de la taxe professionnelle vers\u00e9e par France T\u00e9l\u00e9com entre 1994 et 2002, qui serait inf\u00e9rieure \u00e0 celle que l\u2019entreprise aurait du verser, pour un montant estim\u00e9 \u00e0 un milliard d\u2019euros.<\/p>\n<p>Les interventions incessantes de Bruxelles ne cessent de perturber le march\u00e9 des t\u00e9l\u00e9coms, dont les emplois se trouvent de se fait de plus en plus pr\u00e9caris\u00e9s, les salari\u00e9s servant toujours, in fine, de variable d\u2019ajustement aux incertitudes r\u00e9glementaires.<\/p>\n<p>Rappelons que pour le seul m\u00e9tier d\u2019op\u00e9rateur, le march\u00e9 des t\u00e9l\u00e9communications fran\u00e7ais a perdu plus de 28\u00a0000 emplois depuis qu\u2019il est ouvert \u00e0 la concurrence. Sur la m\u00eame p\u00e9riode, France T\u00e9l\u00e9com en a supprim\u00e9 pr\u00e8s de 58\u00a0000, alors que, dans le m\u00eame temps, le dividende ne cessait d\u2019augmenter, sous la pression de l\u2019\u00c9tat fran\u00e7ais qui en touche la majeure partie.<\/p>\n<h2>Une ing\u00e9rence manifeste de Bruxelles<\/h2>\n<p>Il est manifeste que la Commission de Bruxelles a perdu la raison. A quel titre la Commission peut elle intervenir sur la p\u00e9riode pr\u00e9c\u00e9dant l&rsquo;ouverture du march\u00e9 des t\u00e9l\u00e9coms \u00e0 la concurrence en France, intervenue le 1er janvier 1998 ? La concurrence n&rsquo;a en aucun cas pu \u00eatre entrav\u00e9e entre 1994 et 1998 puisque le march\u00e9 n&rsquo;\u00e9tait pas encore ouvert.<\/p>\n<h2>Une nouvelle charge qui alourdira la dette de l\u2019op\u00e9rateur\u00a0sans contrepartie pour le consommateur<\/h2>\n<p>A qui France T\u00e9l\u00e9com devra-il versera ce milliard d&rsquo;euros ? A l&rsquo;\u00c9tat, qui r\u00e9cup\u00e8rera cette somme, comme il a r\u00e9cup\u00e9r\u00e9 celles des amendes relatives aux entraves \u00e0 la concurrence sans que le consommateur en ait b\u00e9n\u00e9fici\u00e9 en aucune mani\u00e8re. Ce m\u00eame \u00c9tat qui met \u00e0 mal les fonds propres de l\u2019op\u00e9rateur en exigeant chaque ann\u00e9e des dividendes toujours plus \u00e9lev\u00e9s, y compris en p\u00e9riode de crise, \u00e9conomique ou sociale.<\/p>\n<p>Pour all\u00e9ger le poids de la dette, et r\u00e9cup\u00e9rer des marges de man\u0153uvre favorables \u00e0 l\u2019emploi et \u00e0 l\u2019investissement, l&rsquo;ADEAS demande au contraire une augmentation de capital.<\/p>\n<p>L\u2019ADEAS, avec le soutien de la CFE-CGC\/UNSA France T\u00e9l\u00e9com \u2013 Orange, refuse qu\u2019une nouvelle fois, des r\u00e9ductions d\u2019effectifs servent \u00e0 compenser les cons\u00e9quences financi\u00e8res de d\u00e9cisions r\u00e9glementaires et bureaucratiques qui font fi de toute consid\u00e9ration sociale.<\/p>\n<h2>Des actionnaires flou\u00e9s par Bruxelles<\/h2>\n<p>Une autre question se pose : qu&rsquo;en est il du droit des actionnaires\u00a0? Lors de l&rsquo;introduction en bourse de l&rsquo;entreprise en 1997, les actionnaires ont investi sur la base d\u2019une valorisation qui ne pouvait pas prendre en compte ce risque\u00a0: le march\u00e9 n\u2019\u00e9tant pas ouvert, il ne pouvait pas y avoir distorsion de concurrence.<\/p>\n<p>Les salari\u00e9s qui sont devenus actionnaires en 1997, et qui sont aujourd\u2019hui le second actionnaire de l\u2019entreprise, sont doublement p\u00e9nalis\u00e9s, alors que l\u2019\u00c9tat gagne plus qu\u2019il ne perd\u00a0: il r\u00e9cup\u00e9rera le montant exig\u00e9 par Bruxelles\u2026 sans diminuer pour autant son exigence sur le niveau du dividende.<\/p>\n<h2>L&rsquo;ADEAS va saisir la Cour europ\u00e9enne de Justice<\/h2>\n<p>L&rsquo;ADEAS a d\u00e9cid\u00e9 de porter l\u2019affaire devant la Cour Europ\u00e9enne de Justice, au motif de la non prise en compte du\u00a0droit des actionnaires dans cette affaire.<\/p>\n<ul>\n<li><a href=\"https:\/\/www.adeas.org\/wp-content\/uploads\/2009\/12\/Communiqu%C3%A9-du-30-novembre-2009_jugement-Bruxelles.pdf\">Le communiqu\u00e9 en pdf<\/a><\/li>\n<\/ul>\n","protected":false},"excerpt":{"rendered":"<p>La Cour europ\u00e9enne de Justice vient de confirmer la d\u00e9cision de la Commission qui ordonne la r\u00e9cup\u00e9ration de pr\u00e9tendues aides de l\u2019\u00c9tat fran\u00e7ais en faveur de France T\u00e9l\u00e9com. Il s\u2019agit en l\u2019occurrence de la taxe professionnelle vers\u00e9e par France T\u00e9l\u00e9com entre 1994 et 2002, qui serait inf\u00e9rieure \u00e0 celle que l\u2019entreprise aurait du verser, pour [&hellip;]<\/p>\n","protected":false},"author":3,"featured_media":0,"comment_status":"open","ping_status":"closed","sticky":false,"template":"","format":"standard","meta":{"_monsterinsights_skip_tracking":false,"_monsterinsights_sitenote_active":false,"_monsterinsights_sitenote_note":"","_monsterinsights_sitenote_category":0,"footnotes":""},"categories":[19],"tags":[11,31,23,30,32],"class_list":["post-138","post","type-post","status-publish","format-standard","hentry","category-communique-de-presse","tag-actionnariat-salarie","tag-concurrence","tag-etat","tag-europe","tag-justice"],"_links":{"self":[{"href":"https:\/\/www.adeas.org\/index.php\/wp-json\/wp\/v2\/posts\/138","targetHints":{"allow":["GET"]}}],"collection":[{"href":"https:\/\/www.adeas.org\/index.php\/wp-json\/wp\/v2\/posts"}],"about":[{"href":"https:\/\/www.adeas.org\/index.php\/wp-json\/wp\/v2\/types\/post"}],"author":[{"embeddable":true,"href":"https:\/\/www.adeas.org\/index.php\/wp-json\/wp\/v2\/users\/3"}],"replies":[{"embeddable":true,"href":"https:\/\/www.adeas.org\/index.php\/wp-json\/wp\/v2\/comments?post=138"}],"version-history":[{"count":5,"href":"https:\/\/www.adeas.org\/index.php\/wp-json\/wp\/v2\/posts\/138\/revisions"}],"predecessor-version":[{"id":143,"href":"https:\/\/www.adeas.org\/index.php\/wp-json\/wp\/v2\/posts\/138\/revisions\/143"}],"wp:attachment":[{"href":"https:\/\/www.adeas.org\/index.php\/wp-json\/wp\/v2\/media?parent=138"}],"wp:term":[{"taxonomy":"category","embeddable":true,"href":"https:\/\/www.adeas.org\/index.php\/wp-json\/wp\/v2\/categories?post=138"},{"taxonomy":"post_tag","embeddable":true,"href":"https:\/\/www.adeas.org\/index.php\/wp-json\/wp\/v2\/tags?post=138"}],"curies":[{"name":"wp","href":"https:\/\/api.w.org\/{rel}","templated":true}]}}