{"id":1366,"date":"2016-02-25T15:19:20","date_gmt":"2016-02-25T14:19:20","guid":{"rendered":"http:\/\/www.adeas.org\/?p=1366"},"modified":"2016-02-25T15:19:20","modified_gmt":"2016-02-25T14:19:20","slug":"letat-gere-ses-parts-dans-orange-en-vue-des-votes-doubles","status":"publish","type":"post","link":"https:\/\/www.adeas.org\/index.php\/revue-de-web\/letat-gere-ses-parts-dans-orange-en-vue-des-votes-doubles\/","title":{"rendered":"L&rsquo;Etat g\u00e8re ses parts dans Orange en vue des votes doubles"},"content":{"rendered":"<blockquote>\n<div class=\"copy-paste-block\">\n<p>Via l&rsquo;Agence des participations de l&rsquo;Etat (APE) et Bpifrance, l&rsquo;Etat fran\u00e7ais est actionnaire \u00e0 hauteur de 23% d&rsquo;<a class=\"motcle\" title=\"Le cours en temps r\u00e9el de l'action ORANGE \u00e0 la bourse de Paris\" href=\"http:\/\/investir.lesechos.fr\/cours\/action-orange,xpar,ora,fr0000133308,isin.html\">Orange<\/a>. Et l&rsquo;application des droits de vote doubles lui ferait passer le seuil des 30% des droits de vote d&rsquo;<a class=\"motcle\" title=\"Le cours en temps r\u00e9el de l'action ORANGE \u00e0 la bourse de Paris\" href=\"http:\/\/investir.lesechos.fr\/cours\/action-orange,xpar,ora,fr0000133308,isin.html\">Orange<\/a> et l&rsquo;obligerait \u00e0 lancer une OPA.<\/p>\n<p>Selon un porte-parole de Bpifrance, le nouveau pacte d&rsquo;actionnaires, rendu public mercredi dans un avis de l&rsquo;Autorit\u00e9 des march\u00e9s financiers (<a class=\"motcle\" title=\"Tous nos articles sur l'Autorit\u00e9 des march\u00e9s financiers (AMF)\" href=\"http:\/\/investir.lesechos.fr\/recherche\/?exec=1&amp;texte=AMF&amp;nr=1\">AMF<\/a>), permettra \u00e0 l&rsquo;Etat fran\u00e7ais d&rsquo;am\u00e9nager sa participation dans Orange pour rester sous le seuil des 30% des droits de vote.<\/p>\n<p>Dans cette optique, Bpifrance, qui d\u00e9tient 9,60% du capital d&rsquo;Orange, pr\u00e9voit de passer certains de ses titres \u00ab\u00a0au porteur\u00a0\u00bb, c&rsquo;est-\u00e0-dire d\u00e9tenus par un \u00e9tablissement financier, pour que ces derniers ne puissent pas b\u00e9n\u00e9ficier des droits de vote doubles.<\/p>\n<\/div>\n<\/blockquote>\n<div class=\"copy-paste-block\">\n<p>Source\u00a0: <em><a href=\"http:\/\/investir.lesechos.fr\/actions\/actualites\/l-etat-gere-ses-parts-dans-orange-en-vue-des-votes-doubles-1530280.php\">L&rsquo;Etat g\u00e8re ses parts dans Orange en vue des votes doubles<\/a><\/em><\/p>\n<\/div>\n","protected":false},"excerpt":{"rendered":"<p>Via l&rsquo;Agence des participations de l&rsquo;Etat (APE) et Bpifrance, l&rsquo;Etat fran\u00e7ais est actionnaire \u00e0 hauteur de 23% d&rsquo;Orange. Et l&rsquo;application des droits de vote doubles lui ferait passer le seuil des 30% des droits de vote d&rsquo;Orange et l&rsquo;obligerait \u00e0 lancer une OPA. Selon un porte-parole de Bpifrance, le nouveau pacte d&rsquo;actionnaires, rendu public mercredi [&hellip;]<\/p>\n","protected":false},"author":1,"featured_media":0,"comment_status":"open","ping_status":"closed","sticky":false,"template":"","format":"standard","meta":{"_monsterinsights_skip_tracking":false,"_monsterinsights_sitenote_active":false,"_monsterinsights_sitenote_note":"","_monsterinsights_sitenote_category":0,"footnotes":""},"categories":[8],"tags":[22,42,23],"class_list":["post-1366","post","type-post","status-publish","format-standard","hentry","category-revue-de-web","tag-actionnariat","tag-assemblee-generale","tag-etat"],"_links":{"self":[{"href":"https:\/\/www.adeas.org\/index.php\/wp-json\/wp\/v2\/posts\/1366","targetHints":{"allow":["GET"]}}],"collection":[{"href":"https:\/\/www.adeas.org\/index.php\/wp-json\/wp\/v2\/posts"}],"about":[{"href":"https:\/\/www.adeas.org\/index.php\/wp-json\/wp\/v2\/types\/post"}],"author":[{"embeddable":true,"href":"https:\/\/www.adeas.org\/index.php\/wp-json\/wp\/v2\/users\/1"}],"replies":[{"embeddable":true,"href":"https:\/\/www.adeas.org\/index.php\/wp-json\/wp\/v2\/comments?post=1366"}],"version-history":[{"count":1,"href":"https:\/\/www.adeas.org\/index.php\/wp-json\/wp\/v2\/posts\/1366\/revisions"}],"predecessor-version":[{"id":1367,"href":"https:\/\/www.adeas.org\/index.php\/wp-json\/wp\/v2\/posts\/1366\/revisions\/1367"}],"wp:attachment":[{"href":"https:\/\/www.adeas.org\/index.php\/wp-json\/wp\/v2\/media?parent=1366"}],"wp:term":[{"taxonomy":"category","embeddable":true,"href":"https:\/\/www.adeas.org\/index.php\/wp-json\/wp\/v2\/categories?post=1366"},{"taxonomy":"post_tag","embeddable":true,"href":"https:\/\/www.adeas.org\/index.php\/wp-json\/wp\/v2\/tags?post=1366"}],"curies":[{"name":"wp","href":"https:\/\/api.w.org\/{rel}","templated":true}]}}