{"id":1361,"date":"2016-02-24T17:18:28","date_gmt":"2016-02-24T16:18:28","guid":{"rendered":"http:\/\/www.adeas.org\/?p=1361"},"modified":"2016-02-24T20:32:16","modified_gmt":"2016-02-24T19:32:16","slug":"quand-le-plus-grand-gerant-du-monde-fait-la-lecon-aux-patrons","status":"publish","type":"post","link":"https:\/\/www.adeas.org\/index.php\/revue-de-web\/quand-le-plus-grand-gerant-du-monde-fait-la-lecon-aux-patrons\/","title":{"rendered":"Quand le plus grand g\u00e9rant du monde fait la le\u00e7on aux patrons"},"content":{"rendered":"<blockquote><p>INFO LE FIGARO &#8211; Larry Fink, le pr\u00e9sident de Blackrock, vient d&rsquo;envoyer son courrier annuel aux plus grandes multinationales. Il les met en garde contre l&rsquo;obsession du court terme et du dividende.<\/p><\/blockquote>\n<p>Source\u00a0: <em><a href=\"http:\/\/www.lefigaro.fr\/conjoncture\/2016\/02\/02\/20002-20160202ARTFIG00049-quand-le-plus-grand-gerant-du-monde-fait-la-lecon-aux-patrons.php\">Quand le plus grand g\u00e9rant du monde fait la le\u00e7on aux patrons<\/a><\/em><\/p>\n<p>Pour la petite histoire, Blackrock d\u00e9tient des actions Orange, au travers de diff\u00e9rends fonds qu&rsquo;il g\u00e8re pour son propre compte ou pour le compte de tiers. Fera-t-il, comme il en menace les Directions d&rsquo;entreprises, irruption \u00e0 l&rsquo;AG des actionnaires d&rsquo;Orange pour demander une strat\u00e9gie plus entrepreneuriale que financi\u00e8re ? A suivre&#8230;<\/p>\n<p>En tout \u00e9tat de cause, s&rsquo;il demande une baisse du dividende d&rsquo;Orange, il pourrait bien avoir notre appui&#8230;<\/p>\n","protected":false},"excerpt":{"rendered":"<p>INFO LE FIGARO &#8211; Larry Fink, le pr\u00e9sident de Blackrock, vient d&rsquo;envoyer son courrier annuel aux plus grandes multinationales. Il les met en garde contre l&rsquo;obsession du court terme et du dividende. Source\u00a0: Quand le plus grand g\u00e9rant du monde fait la le\u00e7on aux patrons Pour la petite histoire, Blackrock d\u00e9tient des actions Orange, au [&hellip;]<\/p>\n","protected":false},"author":1,"featured_media":0,"comment_status":"open","ping_status":"closed","sticky":false,"template":"","format":"standard","meta":{"_monsterinsights_skip_tracking":false,"_monsterinsights_sitenote_active":false,"_monsterinsights_sitenote_note":"","_monsterinsights_sitenote_category":0,"footnotes":""},"categories":[8],"tags":[22,36,48,5],"class_list":["post-1361","post","type-post","status-publish","format-standard","hentry","category-revue-de-web","tag-actionnariat","tag-dividendes","tag-gouvernance","tag-strategie"],"_links":{"self":[{"href":"https:\/\/www.adeas.org\/index.php\/wp-json\/wp\/v2\/posts\/1361","targetHints":{"allow":["GET"]}}],"collection":[{"href":"https:\/\/www.adeas.org\/index.php\/wp-json\/wp\/v2\/posts"}],"about":[{"href":"https:\/\/www.adeas.org\/index.php\/wp-json\/wp\/v2\/types\/post"}],"author":[{"embeddable":true,"href":"https:\/\/www.adeas.org\/index.php\/wp-json\/wp\/v2\/users\/1"}],"replies":[{"embeddable":true,"href":"https:\/\/www.adeas.org\/index.php\/wp-json\/wp\/v2\/comments?post=1361"}],"version-history":[{"count":4,"href":"https:\/\/www.adeas.org\/index.php\/wp-json\/wp\/v2\/posts\/1361\/revisions"}],"predecessor-version":[{"id":1365,"href":"https:\/\/www.adeas.org\/index.php\/wp-json\/wp\/v2\/posts\/1361\/revisions\/1365"}],"wp:attachment":[{"href":"https:\/\/www.adeas.org\/index.php\/wp-json\/wp\/v2\/media?parent=1361"}],"wp:term":[{"taxonomy":"category","embeddable":true,"href":"https:\/\/www.adeas.org\/index.php\/wp-json\/wp\/v2\/categories?post=1361"},{"taxonomy":"post_tag","embeddable":true,"href":"https:\/\/www.adeas.org\/index.php\/wp-json\/wp\/v2\/tags?post=1361"}],"curies":[{"name":"wp","href":"https:\/\/api.w.org\/{rel}","templated":true}]}}