{"id":1305,"date":"2015-08-03T11:47:36","date_gmt":"2015-08-03T09:47:36","guid":{"rendered":"http:\/\/www.adeas.org\/?p=1305"},"modified":"2015-08-03T11:47:36","modified_gmt":"2015-08-03T09:47:36","slug":"nouvelle-cession-de-titres-orange-par-bpifrance-la-cfe-cgc-et-ladeas-reclament-a-nouveau-loffre-reservee-aux-personnels","status":"publish","type":"post","link":"https:\/\/www.adeas.org\/index.php\/communique-de-presse\/nouvelle-cession-de-titres-orange-par-bpifrance-la-cfe-cgc-et-ladeas-reclament-a-nouveau-loffre-reservee-aux-personnels\/","title":{"rendered":"Nouvelle cession de titres Orange par Bpifrance : la CFE-CGC et l\u2019ADEAS r\u00e9clament \u00e0 nouveau l\u2019offre r\u00e9serv\u00e9e aux personnels"},"content":{"rendered":"<p>Pour la deuxi\u00e8me fois en 10 mois, Bpifrance annonce avoir c\u00e9d\u00e9 une fraction de sa participation dans Orange, cette fois 2% du capital d\u2019Orange pour environ 800 millions d\u2019euros, soit 53 millions d\u2019actions. (<a href=\"http:\/\/www.bpifrance.fr\/Espace-Presse\">http:\/\/www.bpifrance.fr\/Espace-Presse<\/a>)<\/p>\n<p>Cette op\u00e9ration succ\u00e8de \u00e0 celle du 1er octobre 2014, repr\u00e9sentant 1,90% du capital d\u2019Orange, pour 584 millions d\u2019euros, soit 50 328 822 actions (<a href=\"http:\/\/fr.reuters.com\/article\/idFRKCN0HP22T20140930\">http:\/\/fr.reuters.com\/article\/idFRKCN0HP22T20140930<\/a>).<\/p>\n<p>Comme elles l\u2019avaient d\u00e9j\u00e0 fait \u00e0 l\u2019annonce de la premi\u00e8re cession, la CFE-CGC Orange et l\u2019ADEAS (Association pour la D\u00e9fense de l\u2019Epargne et de l\u2019Actionnariat Salari\u00e9s) demandent que, comme le pr\u00e9voient les lois de privatisation des anciennes entreprises publiques, les personnels d\u2019Orange b\u00e9n\u00e9ficient d\u2019une offre d\u2019actions r\u00e9serv\u00e9es aux personnels (ORP), \u00e0 hauteur de 10% de la cession r\u00e9alis\u00e9e par BPI France.<\/p>\n<p>En effet, le texte de la loi Macron, adopt\u00e9 par l\u2019Assembl\u00e9e Nationale le 10 juillet dernier (<a href=\"http:\/\/www.assemblee-nationale.fr\/14\/ta-pdf\/2934-1-art_49-3.pdf\">http:\/\/www.assemblee-nationale.fr\/14\/ta-pdf\/2934-1-art_49-3.pdf<\/a>) r\u00e9tablit les droits des salari\u00e9s, qui avaient \u00e9t\u00e9 abrog\u00e9s en catimini par une ordonnance parue le 20 ao\u00fbt 2014.<\/p>\n<p>Vous trouverez ci-joint le fac-simil\u00e9 du courrier adress\u00e9 \u00e0 Nicolas Dufourq, Directeur g\u00e9n\u00e9ral de Bpifrance.<\/p>\n<p><a class=\"wf_file\" href=\"http:\/\/www.cfecgc-orange.org\/images\/stories\/documents\/communiques_de_presse\/CDP_2015\/2015_-_BPI_-_CFE-CGC_et_ADEAS_31_juillet_2015.pdf\"><img decoding=\"async\" class=\"wf_file_icon\" src=\"http:\/\/www.cfecgc-orange.org\/media\/jce\/icons\/pdf.png\" alt=\"pdf\" width=\"auto\" height=\"auto\" \/><span class=\"wf_file_text\">Courrier de demande d&rsquo;ORP \u00e0 la BPI_-_CFE-CGC_et_ADEAS_31_juillet_2015.pdf<\/span><\/a><\/p>\n","protected":false},"excerpt":{"rendered":"<p>Pour la deuxi\u00e8me fois en 10 mois, Bpifrance annonce avoir c\u00e9d\u00e9 une fraction de sa participation dans Orange, cette fois 2% du capital d\u2019Orange pour environ 800 millions d\u2019euros, soit 53 millions d\u2019actions. (http:\/\/www.bpifrance.fr\/Espace-Presse) Cette op\u00e9ration succ\u00e8de \u00e0 celle du 1er octobre 2014, repr\u00e9sentant 1,90% du capital d\u2019Orange, pour 584 millions d\u2019euros, soit 50 328 [&hellip;]<\/p>\n","protected":false},"author":1,"featured_media":0,"comment_status":"open","ping_status":"closed","sticky":false,"template":"","format":"standard","meta":{"_monsterinsights_skip_tracking":false,"_monsterinsights_sitenote_active":false,"_monsterinsights_sitenote_note":"","_monsterinsights_sitenote_category":0,"footnotes":""},"categories":[19],"tags":[11,23,12],"class_list":["post-1305","post","type-post","status-publish","format-standard","hentry","category-communique-de-presse","tag-actionnariat-salarie","tag-etat","tag-offre-reservee-au-personnel"],"_links":{"self":[{"href":"https:\/\/www.adeas.org\/index.php\/wp-json\/wp\/v2\/posts\/1305","targetHints":{"allow":["GET"]}}],"collection":[{"href":"https:\/\/www.adeas.org\/index.php\/wp-json\/wp\/v2\/posts"}],"about":[{"href":"https:\/\/www.adeas.org\/index.php\/wp-json\/wp\/v2\/types\/post"}],"author":[{"embeddable":true,"href":"https:\/\/www.adeas.org\/index.php\/wp-json\/wp\/v2\/users\/1"}],"replies":[{"embeddable":true,"href":"https:\/\/www.adeas.org\/index.php\/wp-json\/wp\/v2\/comments?post=1305"}],"version-history":[{"count":1,"href":"https:\/\/www.adeas.org\/index.php\/wp-json\/wp\/v2\/posts\/1305\/revisions"}],"predecessor-version":[{"id":1306,"href":"https:\/\/www.adeas.org\/index.php\/wp-json\/wp\/v2\/posts\/1305\/revisions\/1306"}],"wp:attachment":[{"href":"https:\/\/www.adeas.org\/index.php\/wp-json\/wp\/v2\/media?parent=1305"}],"wp:term":[{"taxonomy":"category","embeddable":true,"href":"https:\/\/www.adeas.org\/index.php\/wp-json\/wp\/v2\/categories?post=1305"},{"taxonomy":"post_tag","embeddable":true,"href":"https:\/\/www.adeas.org\/index.php\/wp-json\/wp\/v2\/tags?post=1305"}],"curies":[{"name":"wp","href":"https:\/\/api.w.org\/{rel}","templated":true}]}}