{"id":1221,"date":"2015-03-16T18:36:31","date_gmt":"2015-03-16T17:36:31","guid":{"rendered":"http:\/\/www.adeas.org\/?p=1221"},"modified":"2015-03-16T18:36:31","modified_gmt":"2015-03-16T17:36:31","slug":"lettre-de-lepargne-et-de-lactionnariat-salaries-resultats-2014-interessement-participation","status":"publish","type":"post","link":"https:\/\/www.adeas.org\/index.php\/nos-analyses\/lettre-de-lepargne-et-de-lactionnariat-salaries-resultats-2014-interessement-participation\/","title":{"rendered":"Lettre de l&rsquo;Epargne et de l&rsquo;Actionnariat salari\u00e9s : r\u00e9sultats 2014, int\u00e9ressement, participation"},"content":{"rendered":"<p><strong>T\u00e9l\u00e9charger le num\u00e9ro complet en pdf<\/strong> : <a class=\"wf_file\" href=\"http:\/\/www.cfecgc-orange.org\/images\/stories\/documents\/lettreepargne\/LEA_mars2015_vdef.pdf\"><img loading=\"lazy\" decoding=\"async\" class=\"wf_file_icon\" src=\"http:\/\/www.cfecgc-orange.org\/media\/jce\/icons\/pdf.png\" alt=\"pdf\" width=\"20\" height=\"20\" \/><span class=\"wf_file_text\">Lettre de l&rsquo;Epargne et de l&rsquo;Actionnariat salari\u00e9s &#8211; mars 2015<\/span><\/a><\/p>\n<p><img loading=\"lazy\" decoding=\"async\" src=\"http:\/\/www.cfecgc-orange.org\/images\/stories\/Images\/euro-76019_640_copie_copie.jpg\" alt=\"euro 76019 640 copie copie\" width=\"300\" height=\"225\" \/><\/p>\n<h3>\u00a0Au sommaire de ce num\u00e9ro<\/h3>\n<ul>\n<li><strong>R\u00e9sultats 2014\u00a0:<br \/>\n<\/strong><a href=\"http:\/\/www.cfecgc-orange.org\/201503164741\/economie-et-reglementation-des-telecoms\/resultats-2014-on-acheve-bien-les-chevaux.html\">On ach\u00e8ve bien les chevaux !<\/a><\/li>\n<li><strong>Int\u00e9ressement &amp; Participation<\/strong>\u00a0:<br \/>\n<a href=\"http:\/\/www.cfecgc-orange.org\/201503164742\/participation-interessement-et-actionnariat\/interessement-participation-leffort-doit-etre-enfin-recompense.html\">L\u2019effort doit \u00eatre enfin r\u00e9compens\u00e9 !<\/a><\/li>\n<li><strong>Offre r\u00e9serv\u00e9e au personnel<\/strong>\u00a0:<br \/>\n<a class=\"wf_file\" href=\"http:\/\/www.cfecgc-orange.org\/201503034727\/participation-interessement-et-actionnariat\/souhaitez-vous-augmenter-votre-participation-au-capital-dorange.html\"><span class=\"wf_file_text\">Souhaitez-vous augmenter votre participation dans le capital d\u2019Orange ? <\/span><\/a><br \/>\nR\u00e9pondez d\u00e8s aujourd\u2019hui \u00e0 notre sondage en ligne\u00a0: <a href=\"http:\/\/bit.ly\/SondageORP\">http:\/\/bit.ly\/SondageORP<\/a><\/li>\n<\/ul>\n<h3>En compl\u00e9ment, sur le blog de l\u2019ADEAS\u00a0:<\/h3>\n<ul>\n<li><a href=\"https:\/\/www.adeas.org\/?p=1208\">Transferts CET dans Perco\u00a0: nouveaux accords<\/a><br \/>\n<strong>Attention\u00a0:<\/strong><br \/>\nSi vous transf\u00e9rez des jours de CET dans votre Perco, laissez au moins 1 jour dans votre CET. A d\u00e9faut, votre Compte \u00c9pargne Temps sera ferm\u00e9, et aux termes de l\u2019accord pour tous de f\u00e9vrier 2000 (OARTT), vous ne pourrez pas en r\u00e9-ouvrir un avant 2 ans.<\/li>\n<li><a href=\"https:\/\/www.adeas.org\/?p=1205\">Loi Macron\u00a0: impacts sur l\u2019actionnariat salari\u00e9s<\/a><\/li>\n<li><a href=\"https:\/\/www.adeas.org\/?p=1210\">Eclairage\u00a0: les agences en conseil de vote<\/a><\/li>\n<\/ul>\n","protected":false},"excerpt":{"rendered":"<p>T\u00e9l\u00e9charger le num\u00e9ro complet en pdf : Lettre de l&rsquo;Epargne et de l&rsquo;Actionnariat salari\u00e9s &#8211; mars 2015 \u00a0Au sommaire de ce num\u00e9ro R\u00e9sultats 2014\u00a0: On ach\u00e8ve bien les chevaux ! Int\u00e9ressement &amp; Participation\u00a0: L\u2019effort doit \u00eatre enfin r\u00e9compens\u00e9 ! Offre r\u00e9serv\u00e9e au personnel\u00a0: Souhaitez-vous augmenter votre participation dans le capital d\u2019Orange ? R\u00e9pondez d\u00e8s aujourd\u2019hui [&hellip;]<\/p>\n","protected":false},"author":3,"featured_media":0,"comment_status":"open","ping_status":"closed","sticky":false,"template":"","format":"standard","meta":{"_monsterinsights_skip_tracking":false,"_monsterinsights_sitenote_active":false,"_monsterinsights_sitenote_note":"","_monsterinsights_sitenote_category":0,"footnotes":""},"categories":[41,25],"tags":[40,11,36,38,12,14,27],"class_list":["post-1221","post","type-post","status-publish","format-standard","hentry","category-lettre-epargne-actionnariat-salaries","category-nos-analyses","tag-abondement","tag-actionnariat-salarie","tag-dividendes","tag-interessement","tag-offre-reservee-au-personnel","tag-participation","tag-resultats"],"_links":{"self":[{"href":"https:\/\/www.adeas.org\/index.php\/wp-json\/wp\/v2\/posts\/1221","targetHints":{"allow":["GET"]}}],"collection":[{"href":"https:\/\/www.adeas.org\/index.php\/wp-json\/wp\/v2\/posts"}],"about":[{"href":"https:\/\/www.adeas.org\/index.php\/wp-json\/wp\/v2\/types\/post"}],"author":[{"embeddable":true,"href":"https:\/\/www.adeas.org\/index.php\/wp-json\/wp\/v2\/users\/3"}],"replies":[{"embeddable":true,"href":"https:\/\/www.adeas.org\/index.php\/wp-json\/wp\/v2\/comments?post=1221"}],"version-history":[{"count":1,"href":"https:\/\/www.adeas.org\/index.php\/wp-json\/wp\/v2\/posts\/1221\/revisions"}],"predecessor-version":[{"id":1222,"href":"https:\/\/www.adeas.org\/index.php\/wp-json\/wp\/v2\/posts\/1221\/revisions\/1222"}],"wp:attachment":[{"href":"https:\/\/www.adeas.org\/index.php\/wp-json\/wp\/v2\/media?parent=1221"}],"wp:term":[{"taxonomy":"category","embeddable":true,"href":"https:\/\/www.adeas.org\/index.php\/wp-json\/wp\/v2\/categories?post=1221"},{"taxonomy":"post_tag","embeddable":true,"href":"https:\/\/www.adeas.org\/index.php\/wp-json\/wp\/v2\/tags?post=1221"}],"curies":[{"name":"wp","href":"https:\/\/api.w.org\/{rel}","templated":true}]}}