{"id":1216,"date":"2015-03-13T17:32:13","date_gmt":"2015-03-13T16:32:13","guid":{"rendered":"http:\/\/www.adeas.org\/?p=1216"},"modified":"2015-03-13T17:32:13","modified_gmt":"2015-03-13T16:32:13","slug":"cession-de-titres-orange-par-bpi-france-la-cfe-cgc-et-ladeas-mettent-la-bpi-en-demeure-de-lancer-une-orp","status":"publish","type":"post","link":"https:\/\/www.adeas.org\/index.php\/laction-de-ladeas\/cession-de-titres-orange-par-bpi-france-la-cfe-cgc-et-ladeas-mettent-la-bpi-en-demeure-de-lancer-une-orp\/","title":{"rendered":"Cession de titres Orange par BPI France : la CFE-CGC et l\u2019ADEAS mettent la BPI en demeure de lancer une ORP"},"content":{"rendered":"<p>Depuis l\u2019annonce d\u2019une cession de titres Orange par BPI France fin septembre 2014, la CFE-CGC Orange et l\u2019ADEAS (Association pour la D\u00e9fense de l\u2019Epargne et de l\u2019Actionnariat Salari\u00e9s) demandent que, comme le pr\u00e9voient les lois de privatisation des anciennes entreprises publiques, les personnels d\u2019Orange b\u00e9n\u00e9ficient d\u2019une offre d\u2019actions r\u00e9serv\u00e9es aux personnels, \u00e0 hauteur de 10% de la cession r\u00e9alis\u00e9e par BPI France.<\/p>\n<p><a href=\"http:\/\/www.cfecgc-orange.org\/201410014537\/communiques-de-presse\/cession-de-19-du-capital-d-orange-par-la-bpi-a-quand-l-orp.html\">Notre demande du 1<sup>er<\/sup> octobre 2014<\/a> aupr\u00e8s du Minist\u00e8re de l\u2019Economie \u00e9tant rest\u00e9e sans r\u00e9ponse, nous \u00e9crivons cette fois directement \u00e0 la BPI pour la mettre en demeure d\u2019organiser cette offre aux personnels dans les plus brefs d\u00e9lais.<\/p>\n<p>En lien, <a href=\"http:\/\/www.cfecgc-orange.org\/images\/stories\/documents\/communiques_de_presse\/CDP_2015\/2015_-_BPI_-_CFE-CGC_et_ADEAS_vd05_03_2015.pdf\">le fac-simil\u00e9 du courrier adress\u00e9 \u00e0 Nicolas Dufourq.<\/a><\/p>\n<p>&nbsp;<\/p>\n","protected":false},"excerpt":{"rendered":"<p>Depuis l\u2019annonce d\u2019une cession de titres Orange par BPI France fin septembre 2014, la CFE-CGC Orange et l\u2019ADEAS (Association pour la D\u00e9fense de l\u2019Epargne et de l\u2019Actionnariat Salari\u00e9s) demandent que, comme le pr\u00e9voient les lois de privatisation des anciennes entreprises publiques, les personnels d\u2019Orange b\u00e9n\u00e9ficient d\u2019une offre d\u2019actions r\u00e9serv\u00e9es aux personnels, \u00e0 hauteur de 10% [&hellip;]<\/p>\n","protected":false},"author":1,"featured_media":0,"comment_status":"open","ping_status":"closed","sticky":false,"template":"","format":"standard","meta":{"_monsterinsights_skip_tracking":false,"_monsterinsights_sitenote_active":false,"_monsterinsights_sitenote_note":"","_monsterinsights_sitenote_category":0,"footnotes":""},"categories":[19,3],"tags":[11,12],"class_list":["post-1216","post","type-post","status-publish","format-standard","hentry","category-communique-de-presse","category-laction-de-ladeas","tag-actionnariat-salarie","tag-offre-reservee-au-personnel"],"_links":{"self":[{"href":"https:\/\/www.adeas.org\/index.php\/wp-json\/wp\/v2\/posts\/1216","targetHints":{"allow":["GET"]}}],"collection":[{"href":"https:\/\/www.adeas.org\/index.php\/wp-json\/wp\/v2\/posts"}],"about":[{"href":"https:\/\/www.adeas.org\/index.php\/wp-json\/wp\/v2\/types\/post"}],"author":[{"embeddable":true,"href":"https:\/\/www.adeas.org\/index.php\/wp-json\/wp\/v2\/users\/1"}],"replies":[{"embeddable":true,"href":"https:\/\/www.adeas.org\/index.php\/wp-json\/wp\/v2\/comments?post=1216"}],"version-history":[{"count":1,"href":"https:\/\/www.adeas.org\/index.php\/wp-json\/wp\/v2\/posts\/1216\/revisions"}],"predecessor-version":[{"id":1217,"href":"https:\/\/www.adeas.org\/index.php\/wp-json\/wp\/v2\/posts\/1216\/revisions\/1217"}],"wp:attachment":[{"href":"https:\/\/www.adeas.org\/index.php\/wp-json\/wp\/v2\/media?parent=1216"}],"wp:term":[{"taxonomy":"category","embeddable":true,"href":"https:\/\/www.adeas.org\/index.php\/wp-json\/wp\/v2\/categories?post=1216"},{"taxonomy":"post_tag","embeddable":true,"href":"https:\/\/www.adeas.org\/index.php\/wp-json\/wp\/v2\/tags?post=1216"}],"curies":[{"name":"wp","href":"https:\/\/api.w.org\/{rel}","templated":true}]}}