{"id":120,"date":"2009-11-05T21:34:54","date_gmt":"2009-11-05T20:34:54","guid":{"rendered":"http:\/\/www.adeas.org\/?p=120"},"modified":"2009-11-10T14:50:33","modified_gmt":"2009-11-10T13:50:33","slug":"resultats-du-t3-2009-lanalyse-de-la-cfe-cgcunsa","status":"publish","type":"post","link":"https:\/\/www.adeas.org\/index.php\/nos-analyses\/resultats-du-t3-2009-lanalyse-de-la-cfe-cgcunsa\/","title":{"rendered":"R\u00e9sultats du T3 2009 : l&rsquo;analyse de la CFE-CGC\/UNSA"},"content":{"rendered":"<h2>Les personnels fran\u00e7ais doivent-ils payer le prix de la crise et de r\u00e9gulations socialement irresponsables ?<\/h2>\n<p>La Direction de France T\u00e9l\u00e9com se f\u00e9licite de la bonne r\u00e9sistance de l&rsquo;entreprise malgr\u00e9 la crise mondiale, et maintient contre vents et mar\u00e9es ses objectifs de cash flow et de distribution de dividendes, qui restent son alpha et son om\u00e9ga, en d\u00e9pit de la n\u00e9cessit\u00e9 reconnue de mise en \u0153uvre d&rsquo;un \u00ab nouveau contrat social \u00bb.<\/p>\n<p>On se demande n\u00e9anmoins comment la Direction compte le financer. On peut seulement \u00e9voquer une provision de 1 milliard d&rsquo;euros destin\u00e9e au Temps Partiel Seniors, qui devrait permettre \u00e0 nos coll\u00e8gues de 57 ans et plus qui souhaitent r\u00e9duire, voire cesser leur activit\u00e9, de partir dignement (rappelons que la n\u00e9gociation n&rsquo;est pas termin\u00e9e, et que la CFE-CGC\/UNSA se bat pour que cet accord soit le plus favorable possible pour les personnels).<\/p>\n<p>Pour le reste, ce sont toujours la r\u00e9duction des d\u00e9penses (dont celles de personnel) et la diminution de l&rsquo;investissement qui permettent de d\u00e9gager les 8 milliards de cash flow, dont au moins 45% iront aux actionnaires. Une fois de plus, on sert les \u00ab saigneurs \u00bb, et on ob\u00e8re l&rsquo;avenir.<\/p>\n<ul>\n<li><a href=\"http:\/\/www.cfecgc-ft-orange.org\/ftsa\/index.php?option=com_content&amp;task=view&amp;id=774&amp;Itemid=1\">Lire la suite sur le site de la CFE-CGC\/UNSA France T\u00e9l\u00e9com-Orange<\/a><\/li>\n<\/ul>\n","protected":false},"excerpt":{"rendered":"<p>Les personnels fran\u00e7ais doivent-ils payer le prix de la crise et de r\u00e9gulations socialement irresponsables ? La Direction de France T\u00e9l\u00e9com se f\u00e9licite de la bonne r\u00e9sistance de l&rsquo;entreprise malgr\u00e9 la crise mondiale, et maintient contre vents et mar\u00e9es ses objectifs de cash flow et de distribution de dividendes, qui restent son alpha et son [&hellip;]<\/p>\n","protected":false},"author":3,"featured_media":0,"comment_status":"open","ping_status":"closed","sticky":false,"template":"","format":"standard","meta":{"_monsterinsights_skip_tracking":false,"_monsterinsights_sitenote_active":false,"_monsterinsights_sitenote_note":"","_monsterinsights_sitenote_category":0,"footnotes":""},"categories":[25],"tags":[27],"class_list":["post-120","post","type-post","status-publish","format-standard","hentry","category-nos-analyses","tag-resultats"],"_links":{"self":[{"href":"https:\/\/www.adeas.org\/index.php\/wp-json\/wp\/v2\/posts\/120","targetHints":{"allow":["GET"]}}],"collection":[{"href":"https:\/\/www.adeas.org\/index.php\/wp-json\/wp\/v2\/posts"}],"about":[{"href":"https:\/\/www.adeas.org\/index.php\/wp-json\/wp\/v2\/types\/post"}],"author":[{"embeddable":true,"href":"https:\/\/www.adeas.org\/index.php\/wp-json\/wp\/v2\/users\/3"}],"replies":[{"embeddable":true,"href":"https:\/\/www.adeas.org\/index.php\/wp-json\/wp\/v2\/comments?post=120"}],"version-history":[{"count":4,"href":"https:\/\/www.adeas.org\/index.php\/wp-json\/wp\/v2\/posts\/120\/revisions"}],"predecessor-version":[{"id":145,"href":"https:\/\/www.adeas.org\/index.php\/wp-json\/wp\/v2\/posts\/120\/revisions\/145"}],"wp:attachment":[{"href":"https:\/\/www.adeas.org\/index.php\/wp-json\/wp\/v2\/media?parent=120"}],"wp:term":[{"taxonomy":"category","embeddable":true,"href":"https:\/\/www.adeas.org\/index.php\/wp-json\/wp\/v2\/categories?post=120"},{"taxonomy":"post_tag","embeddable":true,"href":"https:\/\/www.adeas.org\/index.php\/wp-json\/wp\/v2\/tags?post=120"}],"curies":[{"name":"wp","href":"https:\/\/api.w.org\/{rel}","templated":true}]}}