{"id":1183,"date":"2015-01-13T17:46:00","date_gmt":"2015-01-13T16:46:00","guid":{"rendered":"http:\/\/www.adeas.org\/?p=1183"},"modified":"2015-01-13T18:14:50","modified_gmt":"2015-01-13T17:14:50","slug":"1183","status":"publish","type":"post","link":"https:\/\/www.adeas.org\/index.php\/laction-de-ladeas\/1183\/","title":{"rendered":"Elections Cap\u2019Orange : la CFE-CGC obtient la moiti\u00e9 des si\u00e8ges \u00e9lectifs !"},"content":{"rendered":"<p>L\u2019\u00e9lection des repr\u00e9sentants des porteurs de parts Cap\u2019Orange vient de s\u2019achever.<\/p>\n<p><strong>Vos nouveaux \u00e9lus CFE-CGC au Conseil de Surveillance du fonds Cap\u2019Orange<\/strong><br \/>\n(S\u00e9bastien Crozier, Patrice Brunet, Val\u00e9rie Carr\u00e9, Fran\u00e7ois Dechamps, \u00e9lus titulaires, suppl\u00e9\u00e9s par Thierry Chatelier, Lionel Bouteille, Catherine Juncarol, Eric Picot)<br \/>\n<strong>remercient celles et ceux qui ont contribu\u00e9 au succ\u00e8s de notre liste<\/strong>,<br \/>\nen votant et\/ou en faisant voter pour elle.<\/p>\n<p><a href=\"https:\/\/www.adeas.org\/wp-content\/uploads\/2015\/01\/copieEcran016.png\"><img loading=\"lazy\" decoding=\"async\" class=\"size-full wp-image-1186\" src=\"https:\/\/www.adeas.org\/wp-content\/uploads\/2015\/01\/copieEcran016.png\" alt=\"d\u00e9tail des votes\" width=\"491\" height=\"204\" \/><\/a><\/p>\n<p>Face \u00e0 la liste CFDT\/FO et AASGO\/ACSED, deux associations financ\u00e9es par la Direction, <strong>la liste CFE-CGC avec le soutien de l\u2019ADEAS emporte 4 si\u00e8ges sur 8 avec pr\u00e8s de 45% des suffrages exprim\u00e9s en nombre de droits de vote.<\/strong><\/p>\n<p><strong>C\u2019est un vrai succ\u00e8s<\/strong>, m\u00eame si on peut regretter que la participation n\u2019ait atteint que 42%. Les \u00e9v\u00e9nements r\u00e9cents et la p\u00e9riode peu favorable \u00e0 une nouvelle \u00e9lection, dont la campagne \u00e9tait \u00e0 cheval sur la tr\u00eave des confiseurs, expliquent en partie le ph\u00e9nom\u00e8ne.<\/p>\n<p>Une large part des \u00e9lecteurs ne s\u2019est pas laiss\u00e9e aveugler par les man\u0153uvres de la Direction qui, comme dans les r\u00e9gimes autoritaires, s\u2019est arrog\u00e9 (ill\u00e9galement\u00a0?) le droit de d\u00e9signer la moiti\u00e9 des candidats devant repr\u00e9senter les porteurs de part, pour tenter de garder une majorit\u00e9 soumise \u00e0 ses vues.<\/p>\n<p>Pour autant, la repr\u00e9sentation des personnels actionnaires ne sera pas encore vraiment ind\u00e9pendante au sein de ce nouveau Conseil de Surveillance, qui sera au final compos\u00e9 de\u00a0:<\/p>\n<ul>\n<li>8 membres \u00e9lus par les porteurs de parts, dont 4 CFE-CGC<\/li>\n<li>4 membres d\u00e9sign\u00e9s par les organisations syndicales repr\u00e9sentatives \u00e0 Orange<br \/>\n(1 CFE-CGC, 1 CFDT, 1 CGT, 1 FO)<\/li>\n<li>4 membres d\u00e9sign\u00e9s par la Direction d\u2019Orange pour la repr\u00e9senter<\/li>\n<\/ul>\n<p>La CFE-CGC disposera au total de 5 si\u00e8ges sur 16 et sera donc la premi\u00e8re organisation\u2026 devant la Direction.<\/p>\n<h3>Mettre la pens\u00e9e unique en \u00e9chec<br \/>\net rendre leur l\u00e9gitime pouvoir aux personnels actionnaires<\/h3>\n<p>Cette \u00e9lection constitue une premi\u00e8re \u00e9tape vers une d\u00e9mocratie r\u00e9elle au sein des Conseils de Surveillance du PEG d\u2019Orange. La CFE-CGC Orange et l\u2019ADEAS continueront de se battre pour que le personnel d\u00e9tenteur de parts y dispose r\u00e9ellement du pouvoir qui lui revient de droit.<\/p>\n<p>Nous poursuivrons notamment notre travail de d\u00e9cryptage de l\u2019\u00e9pargne et de l\u2019actionnariat salari\u00e9s aupr\u00e8s des personnels d\u2019Orange, pour que chacun en connaisse les vrais enjeux, et se sente parfaitement l\u00e9gitime pour s\u2019exprimer sur les questions qui rel\u00e8vent non seulement de la gestion de notre \u00e9pargne, mais aussi de la strat\u00e9gie de l\u2019entreprise dont nous sommes parties prenantes. <strong>N\u2019h\u00e9sitez pas \u00e0 inviter vos coll\u00e8gues<\/strong> \u00e0 <a href=\"https:\/\/www.adeas.org\/index.php\/sabonner\/\">s\u2019abonner gratuitement \u00e0 nos publications d\u00e9di\u00e9es \u00e0 l\u2019\u00e9pargne et \u00e0 l\u2019actionnariat salari\u00e9s.<\/a><\/p>\n<p>En tant que personnels actionnaires, nous sommes doublement concern\u00e9s par la p\u00e9rennit\u00e9 de l\u2019entreprise et la mani\u00e8re dont les richesses qu\u2019elle produit sont employ\u00e9es.<\/p>\n<p><strong>Nous contribuerons activement \u00e0 ce que votre voix soit entendue, \u00e0 ce que notre int\u00e9r\u00eat collectif soit d\u00e9fendu.<\/strong><\/p>\n","protected":false},"excerpt":{"rendered":"<p>L\u2019\u00e9lection des repr\u00e9sentants des porteurs de parts Cap\u2019Orange vient de s\u2019achever. Vos nouveaux \u00e9lus CFE-CGC au Conseil de Surveillance du fonds Cap\u2019Orange (S\u00e9bastien Crozier, Patrice Brunet, Val\u00e9rie Carr\u00e9, Fran\u00e7ois Dechamps, \u00e9lus titulaires, suppl\u00e9\u00e9s par Thierry Chatelier, Lionel Bouteille, Catherine Juncarol, Eric Picot) remercient celles et ceux qui ont contribu\u00e9 au succ\u00e8s de notre liste, en [&hellip;]<\/p>\n","protected":false},"author":3,"featured_media":0,"comment_status":"open","ping_status":"closed","sticky":false,"template":"","format":"standard","meta":{"_monsterinsights_skip_tracking":false,"_monsterinsights_sitenote_active":false,"_monsterinsights_sitenote_note":"","_monsterinsights_sitenote_category":0,"footnotes":""},"categories":[3],"tags":[11,48,12,45,43],"class_list":["post-1183","post","type-post","status-publish","format-standard","hentry","category-laction-de-ladeas","tag-actionnariat-salarie","tag-gouvernance","tag-offre-reservee-au-personnel","tag-peg","tag-vote"],"_links":{"self":[{"href":"https:\/\/www.adeas.org\/index.php\/wp-json\/wp\/v2\/posts\/1183","targetHints":{"allow":["GET"]}}],"collection":[{"href":"https:\/\/www.adeas.org\/index.php\/wp-json\/wp\/v2\/posts"}],"about":[{"href":"https:\/\/www.adeas.org\/index.php\/wp-json\/wp\/v2\/types\/post"}],"author":[{"embeddable":true,"href":"https:\/\/www.adeas.org\/index.php\/wp-json\/wp\/v2\/users\/3"}],"replies":[{"embeddable":true,"href":"https:\/\/www.adeas.org\/index.php\/wp-json\/wp\/v2\/comments?post=1183"}],"version-history":[{"count":3,"href":"https:\/\/www.adeas.org\/index.php\/wp-json\/wp\/v2\/posts\/1183\/revisions"}],"predecessor-version":[{"id":1187,"href":"https:\/\/www.adeas.org\/index.php\/wp-json\/wp\/v2\/posts\/1183\/revisions\/1187"}],"wp:attachment":[{"href":"https:\/\/www.adeas.org\/index.php\/wp-json\/wp\/v2\/media?parent=1183"}],"wp:term":[{"taxonomy":"category","embeddable":true,"href":"https:\/\/www.adeas.org\/index.php\/wp-json\/wp\/v2\/categories?post=1183"},{"taxonomy":"post_tag","embeddable":true,"href":"https:\/\/www.adeas.org\/index.php\/wp-json\/wp\/v2\/tags?post=1183"}],"curies":[{"name":"wp","href":"https:\/\/api.w.org\/{rel}","templated":true}]}}