{"id":1156,"date":"2014-11-17T18:54:29","date_gmt":"2014-11-17T17:54:29","guid":{"rendered":"http:\/\/www.adeas.org\/?p=1156"},"modified":"2014-11-19T16:50:18","modified_gmt":"2014-11-19T15:50:18","slug":"retraite-chapeau-de-d-lombard-la-cfe-cgc-a-porte-plainte-aupres-du-procureur-de-la-republique","status":"publish","type":"post","link":"https:\/\/www.adeas.org\/index.php\/laction-de-ladeas\/retraite-chapeau-de-d-lombard-la-cfe-cgc-a-porte-plainte-aupres-du-procureur-de-la-republique\/","title":{"rendered":"Retraite chapeau de D.Lombard : La CFE-CGC a port\u00e9 plainte aupr\u00e8s du Procureur de la R\u00e9publique !"},"content":{"rendered":"<p>Le magazine Challenges a r\u00e9v\u00e9l\u00e9 samedi que la CFE-CGC avait d\u00e9pos\u00e9 une plainte p\u00e9nale aupr\u00e8s du Procureur de la R\u00e9publique concernant la retraite chapeau vers\u00e9e \u00e0 Didier Lombard. En effet, de nombreuses v\u00e9rifications et \u00e9changes de questions \/ r\u00e9ponses avec la Direction d\u2019Orange ont amen\u00e9 la CFE-CGC \u00e0 conclure au caract\u00e8re ill\u00e9gitime, voire ill\u00e9gal, de la retraite chapeau per\u00e7ue par l\u2019ex-PDG de France T\u00e9l\u00e9com-Orange depuis 2011, pour un montant annuel de 346 715 euros, en sus de nombreux autres \u00e9moluments. Sur requ\u00eate du Vice-procureur de la R\u00e9publique M. Nataf, une enqu\u00eate de la brigade financi\u00e8re est en cours, pour faire toute la lumi\u00e8re. La CFE-CGC a \u00e9t\u00e9 entendue le 5 novembre 2014.<\/p>\n<p><strong>T\u00e9l\u00e9charger le communiqu\u00e9 en PDF :<\/strong> <a class=\"wf_file\" href=\"http:\/\/www.cfecgc-orange.org\/images\/stories\/documents\/communiques_de_presse\/CDP_2014\/CdP-CFE-CGC-Orange_Plainte-retraite-chapeau-Lombard_16novembre2014_V4.pdf\"><img decoding=\"async\" class=\"wf_file_icon\" src=\"http:\/\/www.cfecgc-orange.org\/media\/jce\/icons\/pdf.png\" alt=\"pdf\" width=\"auto\" height=\"auto\" \/><span class=\"wf_file_text\">CdP-CFE-CGC-Orange_Plainte-retraite-chapeau-Lombard_16novembre2014_V4.pdf<\/span><\/a><\/p>\n","protected":false},"excerpt":{"rendered":"<p>Le magazine Challenges a r\u00e9v\u00e9l\u00e9 samedi que la CFE-CGC avait d\u00e9pos\u00e9 une plainte p\u00e9nale aupr\u00e8s du Procureur de la R\u00e9publique concernant la retraite chapeau vers\u00e9e \u00e0 Didier Lombard. En effet, de nombreuses v\u00e9rifications et \u00e9changes de questions \/ r\u00e9ponses avec la Direction d\u2019Orange ont amen\u00e9 la CFE-CGC \u00e0 conclure au caract\u00e8re ill\u00e9gitime, voire ill\u00e9gal, de [&hellip;]<\/p>\n","protected":false},"author":3,"featured_media":0,"comment_status":"open","ping_status":"closed","sticky":false,"template":"","format":"standard","meta":{"_monsterinsights_skip_tracking":false,"_monsterinsights_sitenote_active":false,"_monsterinsights_sitenote_note":"","_monsterinsights_sitenote_category":0,"footnotes":""},"categories":[19,3],"tags":[35,48,34],"class_list":["post-1156","post","type-post","status-publish","format-standard","hentry","category-communique-de-presse","category-laction-de-ladeas","tag-dirigeant","tag-gouvernance","tag-remuneration"],"_links":{"self":[{"href":"https:\/\/www.adeas.org\/index.php\/wp-json\/wp\/v2\/posts\/1156","targetHints":{"allow":["GET"]}}],"collection":[{"href":"https:\/\/www.adeas.org\/index.php\/wp-json\/wp\/v2\/posts"}],"about":[{"href":"https:\/\/www.adeas.org\/index.php\/wp-json\/wp\/v2\/types\/post"}],"author":[{"embeddable":true,"href":"https:\/\/www.adeas.org\/index.php\/wp-json\/wp\/v2\/users\/3"}],"replies":[{"embeddable":true,"href":"https:\/\/www.adeas.org\/index.php\/wp-json\/wp\/v2\/comments?post=1156"}],"version-history":[{"count":1,"href":"https:\/\/www.adeas.org\/index.php\/wp-json\/wp\/v2\/posts\/1156\/revisions"}],"predecessor-version":[{"id":1157,"href":"https:\/\/www.adeas.org\/index.php\/wp-json\/wp\/v2\/posts\/1156\/revisions\/1157"}],"wp:attachment":[{"href":"https:\/\/www.adeas.org\/index.php\/wp-json\/wp\/v2\/media?parent=1156"}],"wp:term":[{"taxonomy":"category","embeddable":true,"href":"https:\/\/www.adeas.org\/index.php\/wp-json\/wp\/v2\/categories?post=1156"},{"taxonomy":"post_tag","embeddable":true,"href":"https:\/\/www.adeas.org\/index.php\/wp-json\/wp\/v2\/tags?post=1156"}],"curies":[{"name":"wp","href":"https:\/\/api.w.org\/{rel}","templated":true}]}}