{"id":1152,"date":"2014-10-31T18:30:28","date_gmt":"2014-10-31T17:30:28","guid":{"rendered":"http:\/\/www.adeas.org\/?p=1152"},"modified":"2014-10-31T19:03:18","modified_gmt":"2014-10-31T18:03:18","slug":"lois-de-privatisation-cette-ordonnance-aberrante-que-le-ps-nassume-pas-marianne","status":"publish","type":"post","link":"https:\/\/www.adeas.org\/index.php\/laction-de-ladeas\/lois-de-privatisation-cette-ordonnance-aberrante-que-le-ps-nassume-pas-marianne\/","title":{"rendered":"Lois de privatisation : Cette ordonnance aberrante que le PS n&rsquo;assume pas &#8211; Marianne"},"content":{"rendered":"<blockquote><p>La semaine derni\u00e8re, \u00ab\u00a0Marianne\u00a0\u00bb r\u00e9v\u00e9lait la signature par l&rsquo;ex\u00e9cutif, en plein c\u0153ur de l&rsquo;\u00e9t\u00e9, d&rsquo;une ordonnance supprimant l\u2019obligation faite \u00e0 l\u2019Etat de r\u00e9server aux salari\u00e9s 10 % des actions des soci\u00e9t\u00e9s que ce dernier souhaite vendre. Mais aucun socialiste ne semble vouloir ou pouvoir parler d&rsquo;une d\u00e9cision qui concerne pourtant potentiellement 1 million de Fran\u00e7ais ! Ignorance ? Incomp\u00e9tence ? Ou d\u00e9cision politique qu&rsquo;ils n&rsquo;assument pas ? C&rsquo;est au choix&#8230;<\/p>\n<p>[&#8230;]<\/p>\n<p>Il s&rsquo;agit\u00a0de <a href=\"http:\/\/www.legifrance.gouv.fr\/affichTexte.do?cidTexte=JORFTEXT000029391551&amp;categorieLien=id\" target=\"_blank\">l&rsquo;ordonnance du 20 ao\u00fbt dernier,<\/a> dont <a href=\"http:\/\/www.marianne.net\/Privatisation-le-gouvernement-tue-l-actionnariat-salarie-et-cede-au-tout-marche_a242245.html\" target=\"_blank\"><em>Marianne<\/em> r\u00e9v\u00e9lait l&rsquo;existence\u00a0la semaine derni\u00e8re.<\/a> Pour tout dire, personne au PS ne semble au courant de son existence.<\/p>\n<p>[&#8230;]<\/p>\n<p>En cherchant bien, nous avons fini \u2014 non sans mal \u2014 par trouver un \u00e9lu PS au courant du dossier.\u00a0Car Razzy Hammadi, ou du moins ses collaborateurs, se sont r\u00e9veill\u00e9s. Le d\u00e9put\u00e9 socialiste issu de l&rsquo;aile gauche du PS a en effet interpel\u00e9 l&rsquo;actuel ministre de l\u2019\u00c9conomie, Emmanuel Macron, sur cette scandaleuse ordonnance dans une question \u00e9crite,\u00a0<a href=\"http:\/\/questions.assemblee-nationale.fr\/q14\/14-67400QE.htm\" target=\"_blank\">publi\u00e9e ce mardi au Journal officiel<\/a>.\u00a0Hammadi y d\u00e9nonce une ordonnance <em>\u00ab\u00a0en contradiction avec ce qui est annonc\u00e9 par le gouvernement et en contradiction avec la volont\u00e9 du pr\u00e9sident de la R\u00e9publique de renforcer l&rsquo;actionnariat des salari\u00e9s \u00bb<\/em> et demande au ministre\u00a0<em>\u00ab\u00a0de bien vouloir lui indiquer s&rsquo;il entend r\u00e9tablir les dispositions pr\u00e9voyant une offre r\u00e9serv\u00e9e aux personnels\u00a0\u00bb<\/em>. D&rsquo;autant, pr\u00e9cise-t-il, que <em>\u00ab les personnels d&rsquo;Orange, et d&rsquo;onze autres entreprises fran\u00e7aises sont ainsi d\u00e9poss\u00e9d\u00e9s de leur droit d&rsquo;acc\u00e8s au capital de leur entreprise \u00bb<\/em>.<\/p>\n<p>Laborieusement contact\u00e9 par nos soins, le d\u00e9put\u00e9 PS de Seine-Saint-Denis trouve <em>\u00ab\u00a0hallucinant\u00a0\u00bb<\/em> que cette ordonnance vienne notamment de Montebourg. Et il ne s&rsquo;explique toujours pas comment elle a pu passer inaper\u00e7ue. <em>\u00ab\u00a0Maintenant, personne ne peut dire qu\u2019il l\u2019ignore et ceux qui savaient vont devoir s\u2019expliquer\u00a0\u00bb<\/em>, menace-t-il.\u00a0Hammadi est m\u00eame pr\u00eat \u00e0 en d\u00e9coudre avec les ministres friands du m\u00e9canisme de l\u2019ordonnance qu\u2019il consid\u00e8re comme <em>\u00ab\u00a0antid\u00e9mocratique, qui frise avec les limites l\u00e9gales que le Parlement leur a confi\u00e9es \u00bb<\/em>.\u00a0Cette opinion est partag\u00e9e par Jean-Marc Germain qui trouve que le\u00a0<em>\u00ab\u00a0probl\u00e8me avec la simplification par ordonnance, c\u2019est que cela n\u2019apporte que des reculs sociaux\u00a0\u00bb<\/em>. Il met en cause, lui aussi, la mainmise de l\u2019ex\u00e9cutif sur ce genre d\u2019affaires qui m\u00e9riterait un d\u00e9bat \u00e0 l\u2019Assembl\u00e9e. Mais voil\u00e0, explique-t-il,\u00a0<em>\u00ab\u00a0les ministres consid\u00e8rent que les amendements parlementaires sont des barri\u00e8res\u00a0\u00bb<\/em>.<\/p><\/blockquote>\n<p><strong>Extrait de Marianne &#8211; Lo\u00efc Leclerc, jeudi 30 Octobre 2014.<br \/>\n<a href=\"http:\/\/www.marianne.net\/Cette-ordonnance-aberrante-que-le-PS-n-assume-pas_a242374.html\">Lire l&rsquo;article complet sur le site de Marianne<\/a><br \/>\n<\/strong><\/p>\n<p>NDLR : celles et ceux qui nous lisent r\u00e9guli\u00e8rement auront bien s\u00fbr fait le rapprochement avec <a href=\"https:\/\/www.adeas.org\/index.php\/laction-de-ladeas\/abrogation-des-lois-de-privatisation-le-gouvernement-interpelle\/\">notre pr\u00e9c\u00e9dent billet<\/a>. Nous nous f\u00e9licitons que Monsieur Hammadi nous ait entendus et nous aide \u00e0 porter le d\u00e9bat sur la place publique.<\/p>\n<p>L&rsquo;ADEAS et la CFE-CGC poursuivent leur action pour que les personnels des anciennes entreprises publiques, et particuli\u00e8rement ceux d&rsquo;Orange, soient r\u00e9tablis dans leur droit d&rsquo;acc\u00e8s \u00e0 l&rsquo;actionnariat salari\u00e9s.<\/p>\n","protected":false},"excerpt":{"rendered":"<p>La semaine derni\u00e8re, \u00ab\u00a0Marianne\u00a0\u00bb r\u00e9v\u00e9lait la signature par l&rsquo;ex\u00e9cutif, en plein c\u0153ur de l&rsquo;\u00e9t\u00e9, d&rsquo;une ordonnance supprimant l\u2019obligation faite \u00e0 l\u2019Etat de r\u00e9server aux salari\u00e9s 10 % des actions des soci\u00e9t\u00e9s que ce dernier souhaite vendre. Mais aucun socialiste ne semble vouloir ou pouvoir parler d&rsquo;une d\u00e9cision qui concerne pourtant potentiellement 1 million de Fran\u00e7ais [&hellip;]<\/p>\n","protected":false},"author":3,"featured_media":0,"comment_status":"open","ping_status":"closed","sticky":false,"template":"","format":"standard","meta":{"_monsterinsights_skip_tracking":false,"_monsterinsights_sitenote_active":false,"_monsterinsights_sitenote_note":"","_monsterinsights_sitenote_category":0,"footnotes":""},"categories":[3,8],"tags":[11,23,12],"class_list":["post-1152","post","type-post","status-publish","format-standard","hentry","category-laction-de-ladeas","category-revue-de-web","tag-actionnariat-salarie","tag-etat","tag-offre-reservee-au-personnel"],"_links":{"self":[{"href":"https:\/\/www.adeas.org\/index.php\/wp-json\/wp\/v2\/posts\/1152","targetHints":{"allow":["GET"]}}],"collection":[{"href":"https:\/\/www.adeas.org\/index.php\/wp-json\/wp\/v2\/posts"}],"about":[{"href":"https:\/\/www.adeas.org\/index.php\/wp-json\/wp\/v2\/types\/post"}],"author":[{"embeddable":true,"href":"https:\/\/www.adeas.org\/index.php\/wp-json\/wp\/v2\/users\/3"}],"replies":[{"embeddable":true,"href":"https:\/\/www.adeas.org\/index.php\/wp-json\/wp\/v2\/comments?post=1152"}],"version-history":[{"count":2,"href":"https:\/\/www.adeas.org\/index.php\/wp-json\/wp\/v2\/posts\/1152\/revisions"}],"predecessor-version":[{"id":1154,"href":"https:\/\/www.adeas.org\/index.php\/wp-json\/wp\/v2\/posts\/1152\/revisions\/1154"}],"wp:attachment":[{"href":"https:\/\/www.adeas.org\/index.php\/wp-json\/wp\/v2\/media?parent=1152"}],"wp:term":[{"taxonomy":"category","embeddable":true,"href":"https:\/\/www.adeas.org\/index.php\/wp-json\/wp\/v2\/categories?post=1152"},{"taxonomy":"post_tag","embeddable":true,"href":"https:\/\/www.adeas.org\/index.php\/wp-json\/wp\/v2\/tags?post=1152"}],"curies":[{"name":"wp","href":"https:\/\/api.w.org\/{rel}","templated":true}]}}