{"id":1109,"date":"2014-06-24T16:43:25","date_gmt":"2014-06-24T14:43:25","guid":{"rendered":"http:\/\/www.adeas.org\/?p=1109"},"modified":"2014-06-27T15:49:23","modified_gmt":"2014-06-27T13:49:23","slug":"caporange-vous-pourrez-confirmer-ou-retracter-vos-demandes-entre-le-2-et-le-7-juillet","status":"publish","type":"post","link":"https:\/\/www.adeas.org\/index.php\/en-pratique\/caporange-vous-pourrez-confirmer-ou-retracter-vos-demandes-entre-le-2-et-le-7-juillet\/","title":{"rendered":"Cap&rsquo;Orange : vous pourrez confirmer ou r\u00e9tracter vos demandes entre le 2 et le 7 juillet"},"content":{"rendered":"<p>Selon les informations<a href=\"http:\/\/anoo.rh.francetelecom.fr\/rh\/default\/EN\/all\/es_epargnesalariale\/CapOrange.htm\"> diffus\u00e9es sur l&rsquo;intranet Orange<\/a>, \u00ab\u00a017,3 millions d&rsquo;actions ont \u00e9t\u00e9 souscrites par pr\u00e8s de 33 000 personnes, soit un nombre d&rsquo;actions l\u00e9g\u00e8rement sup\u00e9rieur aux 16 millions d&rsquo;actions propos\u00e9es dans le cadre de cette offre.\u00a0\u00bb<\/p>\n<p>Les prochaines \u00e9tapes de l&rsquo;op\u00e9ration Cap&rsquo;Orange, dont<a href=\"https:\/\/www.adeas.org\/index.php\/nos-analyses\/quesperer-de-caporange\/\"> nous vous avons pr\u00e9sent\u00e9 le m\u00e9canisme en mai dernier<\/a>, auront lieu en juillet prochain :<\/p>\n<ul>\n<li><strong>1er juillet 2014<\/strong> : <strong>fixation du prix de souscription d\u00e9finitif<\/strong>,<br \/>\n\u00e9gal \u00e0 la moyenne des cours d&rsquo;ouverture de l&rsquo;action Orange sur NYSE-Euronext Paris, pendant 20 s\u00e9ances de Bourse (du 3 juin au 30 juin 2014 inclus) moins une <strong>d\u00e9cote de 20 %.<br \/>\nIl sera communiqu\u00e9 sur l&rsquo;intranet Orange ou en appelant le 0800 20 20 20<\/strong><\/li>\n<li><strong>2 au 7 juillet 2014<\/strong> : <strong>p\u00e9riode de r\u00e9tractation\/souscription d\u00e9finitive<\/strong>.<br \/>\nVous pourrez annuler la totalit\u00e9 de votre r\u00e9servation \u00e0 l\u00b4une ou l\u00b4autre des formules ou aux deux sur\u00a0<a href=\"http:\/\/www.cap.orange.com\/\" target=\"_blank\">www.cap.orange.com<\/a>.<br \/>\nSi vous n\u00b4aviez pas r\u00e9serv\u00e9 d\u00b4actions entre le 16 et le 31 mai, vous pouvez souscrire un maximum de 20 actions. <strong>Sans r\u00e9tractation de votre part, apr\u00e8s le 7 juillet, votre r\u00e9servation devient une souscription d\u00e9finitive et irr\u00e9vocable.<\/strong><\/li>\n<li><strong>9 juillet 2014 : r\u00e9duction \u00e9ventuelle<\/strong> <strong>d&rsquo;attribution<\/strong><br \/>\nSi, apr\u00e8s la p\u00e9riode de r\u00e9tractation, la souscription reste sup\u00e9rieure au nombre d&rsquo;actions propos\u00e9es, il sera proc\u00e9d\u00e9 \u00e0 une r\u00e9duction individuelle des demandes, par la fixation d&rsquo;un montant de souscription maximum par personne, et \u00e9cr\u00eatage de toutes les demandes d\u00e9passant ce plafond.<\/li>\n<li><strong>16 juillet 2014<\/strong> : vous conna\u00eetrez le nombre d&rsquo;actions obtenues et le montant \u00e0 r\u00e9gler.<br \/>\nSi vous souhaitez utiliser des avoirs disponibles dans votre PEG pour r\u00e9gler les nouvelles actions et que vous n&rsquo;avez pas encore formul\u00e9 votre demande le remboursement sur <a href=\"www.amundi-ee.com\">www.amundi-ee.com<\/a>, il sera grand temps de le faire, les pr\u00e9l\u00e8vements d\u00e9marrant le 23 juillet 2014.<\/li>\n<\/ul>\n<h3>\u00c9dit du 27 juin 2014 :<\/h3>\n<p>Nos coll\u00e8gues de filiales nous rappellent \u00e0 juste titre que l&rsquo;offre Cap&rsquo;Orange n&rsquo;est pas accessible \u00e0 tous les salari\u00e9s du Groupe en France, toutes les filiales n&rsquo;\u00e9tant pas adh\u00e9rentes au PEG. Vous pouvez retrouver la liste des filiales adh\u00e9rentes en annexe de la d\u00e9cision unilat\u00e9rale de septembre 2013 portant avenant \u00e0 l&rsquo;accord PEG Orange :<br \/>\n<a href=\"https:\/\/www.adeas.org\/wp-content\/uploads\/2014\/06\/decision-unilat\u00e9rale-d\u00e9blocage-PEG-Avenant-du-13-09-2013-au-PEG.pdf\">decision unilat\u00e9rale d\u00e9blocage PEG Avenant du 13 09 2013 au PEG<\/a>;<\/p>\n","protected":false},"excerpt":{"rendered":"<p>Selon les informations diffus\u00e9es sur l&rsquo;intranet Orange, \u00ab\u00a017,3 millions d&rsquo;actions ont \u00e9t\u00e9 souscrites par pr\u00e8s de 33 000 personnes, soit un nombre d&rsquo;actions l\u00e9g\u00e8rement sup\u00e9rieur aux 16 millions d&rsquo;actions propos\u00e9es dans le cadre de cette offre.\u00a0\u00bb Les prochaines \u00e9tapes de l&rsquo;op\u00e9ration Cap&rsquo;Orange, dont nous vous avons pr\u00e9sent\u00e9 le m\u00e9canisme en mai dernier, auront lieu en [&hellip;]<\/p>\n","protected":false},"author":3,"featured_media":0,"comment_status":"open","ping_status":"closed","sticky":false,"template":"","format":"standard","meta":{"_monsterinsights_skip_tracking":false,"_monsterinsights_sitenote_active":false,"_monsterinsights_sitenote_note":"","_monsterinsights_sitenote_category":0,"footnotes":""},"categories":[28],"tags":[11,12,17],"class_list":["post-1109","post","type-post","status-publish","format-standard","hentry","category-en-pratique","tag-actionnariat-salarie","tag-offre-reservee-au-personnel","tag-pratique"],"_links":{"self":[{"href":"https:\/\/www.adeas.org\/index.php\/wp-json\/wp\/v2\/posts\/1109","targetHints":{"allow":["GET"]}}],"collection":[{"href":"https:\/\/www.adeas.org\/index.php\/wp-json\/wp\/v2\/posts"}],"about":[{"href":"https:\/\/www.adeas.org\/index.php\/wp-json\/wp\/v2\/types\/post"}],"author":[{"embeddable":true,"href":"https:\/\/www.adeas.org\/index.php\/wp-json\/wp\/v2\/users\/3"}],"replies":[{"embeddable":true,"href":"https:\/\/www.adeas.org\/index.php\/wp-json\/wp\/v2\/comments?post=1109"}],"version-history":[{"count":5,"href":"https:\/\/www.adeas.org\/index.php\/wp-json\/wp\/v2\/posts\/1109\/revisions"}],"predecessor-version":[{"id":1121,"href":"https:\/\/www.adeas.org\/index.php\/wp-json\/wp\/v2\/posts\/1109\/revisions\/1121"}],"wp:attachment":[{"href":"https:\/\/www.adeas.org\/index.php\/wp-json\/wp\/v2\/media?parent=1109"}],"wp:term":[{"taxonomy":"category","embeddable":true,"href":"https:\/\/www.adeas.org\/index.php\/wp-json\/wp\/v2\/categories?post=1109"},{"taxonomy":"post_tag","embeddable":true,"href":"https:\/\/www.adeas.org\/index.php\/wp-json\/wp\/v2\/tags?post=1109"}],"curies":[{"name":"wp","href":"https:\/\/api.w.org\/{rel}","templated":true}]}}