{"id":1091,"date":"2014-05-19T17:07:21","date_gmt":"2014-05-19T15:07:21","guid":{"rendered":"http:\/\/www.adeas.org\/?p=1091"},"modified":"2014-05-20T11:57:31","modified_gmt":"2014-05-20T09:57:31","slug":"epargne-et-actionnariat-salaries-numero-special-ag-des-actionnaires-dorange","status":"publish","type":"post","link":"https:\/\/www.adeas.org\/index.php\/nos-analyses\/epargne-et-actionnariat-salaries-numero-special-ag-des-actionnaires-dorange\/","title":{"rendered":"Epargne et actionnariat salari\u00e9s : num\u00e9ro sp\u00e9cial AG des actionnaires d&rsquo;Orange"},"content":{"rendered":"<p><strong>T\u00e9l\u00e9charger le num\u00e9ro complet en pdf<\/strong> : <strong><a href=\"http:\/\/www.cfecgc-orange.org\/images\/stories\/documents\/lettreepargne\/2014\/LEA_Q2-2014_AG_actionnaires_Orange_C2.pdf\"><img loading=\"lazy\" decoding=\"async\" alt=\"pdf\" src=\"http:\/\/www.cfecgc-orange.org\/media\/jce\/icons\/pdf.png\" width=\"20\" height=\"20\" \/>Lettre Epargne Actionnariat Salari\u00e9s_ AG des actionnaires_Version corrig\u00e9e.pdf<\/a><\/strong><\/p>\n<p>Edit du 20 mai :<br \/>\n<em>La version publi\u00e9e hier comportait quelques bugs, corrig\u00e9s gr\u00e2ce \u00e0 la sagacit\u00e9 de nos lecteurs, que nous remercions. Avec toutes nos excuses.<\/em><\/p>\n<p><img loading=\"lazy\" decoding=\"async\" alt=\"cochon tirelire\" src=\"http:\/\/www.cfecgc-orange.org\/images\/stories\/documents\/lettreepargne\/2014\/cochon_tirelire.JPG\" width=\"195\" height=\"144\" \/><\/p>\n<h2>Au sommaire de ce num\u00e9ro :<\/h2>\n<ul>\n<li>La croissance avant la rente, M. le Pr\u00e9sident !<\/li>\n<li>Perco &amp; abondement : A quand l\u2019\u00e9quit\u00e9 et la simplicit\u00e9 ?<\/li>\n<li>Nouvelle ORP : Qu\u2019esp\u00e9rer de Cap\u2019Orange ?<\/li>\n<\/ul>\n<h2>En compl\u00e9ment, sur le blog de l&rsquo;ADEAS :<\/h2>\n<ul>\n<li><a title=\"Tout sur l\u2019AG des actionnaires d\u2019Orange le 27 mai 2014\" href=\"https:\/\/www.adeas.org\/index.php\/laction-de-ladeas\/tout-sur-lag-des-actionnaires-dorange-le-27-mai-2014\/\" rel=\"bookmark\">Tout sur l\u2019AG des actionnaires d\u2019Orange le 27 mai 2014<\/a><\/li>\n<\/ul>\n","protected":false},"excerpt":{"rendered":"<p>T\u00e9l\u00e9charger le num\u00e9ro complet en pdf : Lettre Epargne Actionnariat Salari\u00e9s_ AG des actionnaires_Version corrig\u00e9e.pdf Edit du 20 mai : La version publi\u00e9e hier comportait quelques bugs, corrig\u00e9s gr\u00e2ce \u00e0 la sagacit\u00e9 de nos lecteurs, que nous remercions. Avec toutes nos excuses. Au sommaire de ce num\u00e9ro : La croissance avant la rente, M. le [&hellip;]<\/p>\n","protected":false},"author":1,"featured_media":0,"comment_status":"open","ping_status":"closed","sticky":false,"template":"","format":"standard","meta":{"_monsterinsights_skip_tracking":false,"_monsterinsights_sitenote_active":false,"_monsterinsights_sitenote_note":"","_monsterinsights_sitenote_category":0,"footnotes":""},"categories":[41,25],"tags":[40,11,42,36,20,45,39,5],"class_list":["post-1091","post","type-post","status-publish","format-standard","hentry","category-lettre-epargne-actionnariat-salaries","category-nos-analyses","tag-abondement","tag-actionnariat-salarie","tag-assemblee-generale","tag-dividendes","tag-emplois","tag-peg","tag-perco","tag-strategie"],"_links":{"self":[{"href":"https:\/\/www.adeas.org\/index.php\/wp-json\/wp\/v2\/posts\/1091","targetHints":{"allow":["GET"]}}],"collection":[{"href":"https:\/\/www.adeas.org\/index.php\/wp-json\/wp\/v2\/posts"}],"about":[{"href":"https:\/\/www.adeas.org\/index.php\/wp-json\/wp\/v2\/types\/post"}],"author":[{"embeddable":true,"href":"https:\/\/www.adeas.org\/index.php\/wp-json\/wp\/v2\/users\/1"}],"replies":[{"embeddable":true,"href":"https:\/\/www.adeas.org\/index.php\/wp-json\/wp\/v2\/comments?post=1091"}],"version-history":[{"count":2,"href":"https:\/\/www.adeas.org\/index.php\/wp-json\/wp\/v2\/posts\/1091\/revisions"}],"predecessor-version":[{"id":1096,"href":"https:\/\/www.adeas.org\/index.php\/wp-json\/wp\/v2\/posts\/1091\/revisions\/1096"}],"wp:attachment":[{"href":"https:\/\/www.adeas.org\/index.php\/wp-json\/wp\/v2\/media?parent=1091"}],"wp:term":[{"taxonomy":"category","embeddable":true,"href":"https:\/\/www.adeas.org\/index.php\/wp-json\/wp\/v2\/categories?post=1091"},{"taxonomy":"post_tag","embeddable":true,"href":"https:\/\/www.adeas.org\/index.php\/wp-json\/wp\/v2\/tags?post=1091"}],"curies":[{"name":"wp","href":"https:\/\/api.w.org\/{rel}","templated":true}]}}