{"id":1079,"date":"2014-05-19T15:12:50","date_gmt":"2014-05-19T13:12:50","guid":{"rendered":"http:\/\/www.adeas.org\/?p=1079"},"modified":"2014-05-19T15:26:21","modified_gmt":"2014-05-19T13:26:21","slug":"tout-sur-lag-des-actionnaires-dorange-le-27-mai-2014","status":"publish","type":"post","link":"https:\/\/www.adeas.org\/index.php\/laction-de-ladeas\/tout-sur-lag-des-actionnaires-dorange-le-27-mai-2014\/","title":{"rendered":"Tout sur l\u2019AG des actionnaires d\u2019Orange le 27 mai 2014"},"content":{"rendered":"<p>L\u2019assembl\u00e9e g\u00e9n\u00e9rale mixte des actionnaires d\u2019Orange aura lieu mardi 27 mai 2014 \u00e0 16 h au Palis des Congr\u00e8s Paris Porte Maillot (accueil \u00e0 partir de 14h30)<\/p>\n<p>Toute la <a href=\"http:\/\/www.orange.com\/fr\/finance\/nbsp4\/assemblee-generale-2014\">documentation est disponible sur le site orange.com<\/a><\/p>\n<h2>Participer \u00e0 l\u2019AG et au vote<\/h2>\n<h3>En tant qu\u2019actionnaire au nominatif pur,<br \/>\nvous pouvez participer \u00e0 l\u2019AG et au vote.<\/h3>\n<p>Dans le cadre de l\u2019op\u00e9ration \u00ab\u00a0NExT Reward\u00a0\u00bb, les personnels du groupe, salari\u00e9s et fonctionnaires, ont re\u00e7u des actions France T\u00e9l\u00e9com-Orange \u00ab\u00a0au nominatif pur\u00a0\u00bb, qui permettent de participer \u00e0 l\u2019Assembl\u00e9e G\u00e9n\u00e9rale, de poser des question \u00e9crites, et de <b>prendre part au vote des r\u00e9solutions propos\u00e9es \u00e0 l\u2019approbation des actionnaires<\/b>.<\/p>\n<h3>Si vous d\u00e9tenez des actions au porteur,<br \/>\nvous pouvez \u00e9galement participer \u00e0 l\u2019AG et au vote<\/h3>\n<p>Certains salari\u00e9s ont \u00e9galement proc\u00e9d\u00e9 \u00e0 des achats d\u2019actions par l\u2019interm\u00e9diaire de leur banque habituelle\u00a0: ce sont des actions au porteur, qui permettent \u00e9galement de participer \u00e0 l\u2019AG et au vote. Les conditions de participation sont indiqu\u00e9es comme suit dans <a href=\"http:\/\/orange.com\/fr\/content\/download\/22861\/473668\/version\/4\/file\/FR-Avis+de+convocation+AG+Orange+2014.pdf\">l\u2019avis de convocation\u00a0\u00e0 l\u2019AG<\/a>\u00a0:<\/p>\n<p><b><i>Pour vos actions d\u00e9tenues au porteur<\/i><\/b><i> : faire \u00e9tablir, d\u00e8s que possible, une attestation de participation (attestation de d\u00e9tention de vos titres) par l\u2019interm\u00e9diaire financier qui assure la gestion de votre compte titres. Pour \u00eatre prise en compte, cette attestation devra \u00eatre dat\u00e9e au plus tard du 22 mai 2014 et parvenir \u00e0 BNP Paribas Securities Services, banque centralisatrice pour l\u2019assembl\u00e9e g\u00e9n\u00e9rale d\u2019Orange, <b>le lundi 26 mai 2014 avant 15 heures (date limite de r\u00e9ception).\u00a0<\/b><\/i><\/p>\n<h3>Participer physiquement \u00e0 l\u2019AG<\/h3>\n<p>Vous pourrez participer (venir assez t\u00f4t pour \u00eatre s\u00fbr d\u2019entrer avant le d\u00e9but de l\u2019AG)<\/p>\n<ul>\n<li>si vous avez retourn\u00e9 par courrier votre demande de carte d\u2019admission et qu\u2019elle a \u00e9t\u00e9 re\u00e7ue avant le 22 mai 2014. <a href=\"http:\/\/orange.com\/fr\/content\/download\/22861\/473668\/version\/4\/file\/FR-Avis+de+convocation+AG+Orange+2014.pdf\">(voir les d\u00e9tails sur l\u2019avis de convocation page 5)<\/a><\/li>\n<li>ou en vous pr\u00e9sentant avec une pi\u00e8ce d\u2019identit\u00e9 \u00e0 l\u2019accueil (plus al\u00e9atoire, les listes n\u2019\u00e9tant pas n\u00e9cessairement \u00e0 jour et les files d\u2019attentes longues aux guichets d\u2019admission)<\/li>\n<\/ul>\n<h3>Si vous avez uniquement des actions dans le PEG, via les fonds Orange actions et Evolutis, vous ne participez pas \u00e0 l\u2019AG et ne votez pas en \u00a0\u00a0direct.<\/h3>\n<p>Si vous d\u00e9tenez uniquement des actions Orange dans le cadre du Plan d\u2019\u00c9pargne Groupe (PEG), vous ne pouvez pas participer \u00e0 l\u2019AG, et vous n\u2019y votez pas\u00a0: votre vote est exprim\u00e9 par les Conseils de Surveillance des fonds dans lesquels vous d\u00e9tenez des actions (voir plus loin dans cet article).<\/p>\n<h3>Voter sans venir \u00e0 l\u2019AG : 3 possibilit\u00e9s<br \/>\nCl\u00f4ture des op\u00e9rations de vote\u00a0: lundi 26 mai \u00e0 15h<\/h3>\n<ul>\n<li><b>Voter par Internet, <\/b>en vous connectant au site <a href=\"https:\/\/planetshares.bnpparibas.com\/\">Planetshares<\/a><b>,<br \/>\navant le 26 mai 2014 \u00e0 15 heures <\/b><\/li>\n<li><b>Voter par courrier<\/b>, via le formulaire \u00e0 t\u00e9l\u00e9charger (<a href=\"http:\/\/orange.com\/fr\/content\/download\/22862\/473672\/version\/2\/file\/Bulletin+de+vote+2014_recto.pdf\">recto <\/a>\/ <a href=\"http:\/\/orange.com\/fr\/content\/download\/22863\/473674\/version\/2\/file\/Bulletin+de+vote+2014_verso.pdf\">verso<\/a>) avec vos coordonn\u00e9es, num\u00e9ro de compte et nombre d\u2019actions d\u00e9tenues.<br \/>\n<b>Votre bulletin doit \u00eatre re\u00e7u par la BNP Paribas le 26 mai 2014 avant 15 heures<\/b><\/li>\n<li><b>Voter par procuration. <\/b>Vous pouvez confier votre procuration \u00e0 votre conjoint, ou \u00e0 un autre actionnaire participant physiquement \u00e0 l\u2019AG.<\/li>\n<\/ul>\n<p><i>Vous pouvez \u00e9galement confier votre procuration au Pr\u00e9sident de l\u2019AG, mais <span style=\"text-decoration: underline;\">nous vous le d\u00e9conseillons<\/span>. En effet, le Pr\u00e9sident de l\u2019AG, pour toutes les procurations dont il dispose, approuve toutes les r\u00e9solutions pr\u00e9sent\u00e9es par le Conseil d\u2019Administration, et donne un avis d\u00e9favorable \u00e0 toutes les autres r\u00e9solutions.<\/i><\/p>\n<p><i>Pour des raisons de complexit\u00e9 d\u2019organisation, l\u2019ADEAS ne prend pas de procuration pour le vote en AG.<\/i><\/p>\n<h2>Le vote des r\u00e9solutions\u00a0: nos commentaires<\/h2>\n<p>Votre vote est personnel et enti\u00e8rement libre. Les indications qui suivent ont pour seul objectif de vous apporter l\u2019\u00e9clairage de la CFE-CGC et de l\u2019ADEAS sur le contenu concret des <a href=\"http:\/\/orange.com\/fr\/content\/download\/22865\/473680\/version\/2\/file\/FR_AG+Orange+2014+r%C3%A9solutions.pdf\">r\u00e9solutions<\/a>, et de vous indiquer la mani\u00e8re dont nous avons vot\u00e9 dans les Conseils de Surveillance des fonds.<\/p>\n<p>Notre vote est notamment fond\u00e9 sur notre analyse du <a href=\"http:\/\/orange.com\/fr\/content\/download\/22786\/472346\/version\/4\/file\/Orange_DDR%2B2013_FR.pdf\">document de r\u00e9f\u00e9rence 2013<\/a>, et l\u2019expertise de nos repr\u00e9sentants dans les Conseils de Surveillance des fonds du PEG.<\/p>\n<h3>A titre ordinaire<\/h3>\n<p><a href=\"https:\/\/www.adeas.org\/wp-content\/uploads\/2014\/05\/ScreenShot.png\"><img loading=\"lazy\" decoding=\"async\" class=\"alignnone size-full wp-image-1089\" alt=\"ScreenShot\" src=\"https:\/\/www.adeas.org\/wp-content\/uploads\/2014\/05\/ScreenShot.png\" width=\"582\" height=\"429\" srcset=\"https:\/\/www.adeas.org\/wp-content\/uploads\/2014\/05\/ScreenShot.png 582w, https:\/\/www.adeas.org\/wp-content\/uploads\/2014\/05\/ScreenShot-500x368.png 500w\" sizes=\"auto, (max-width: 582px) 100vw, 582px\" \/><\/a><\/p>\n<p><a href=\"https:\/\/www.adeas.org\/wp-content\/uploads\/2014\/05\/ScreenShot1.png\"><img loading=\"lazy\" decoding=\"async\" class=\"alignnone size-full wp-image-1086\" alt=\"ScreenShot1\" src=\"https:\/\/www.adeas.org\/wp-content\/uploads\/2014\/05\/ScreenShot1.png\" width=\"577\" height=\"462\" srcset=\"https:\/\/www.adeas.org\/wp-content\/uploads\/2014\/05\/ScreenShot1.png 577w, https:\/\/www.adeas.org\/wp-content\/uploads\/2014\/05\/ScreenShot1-500x400.png 500w\" sizes=\"auto, (max-width: 577px) 100vw, 577px\" \/><\/a><\/p>\n<h3>A titre extraordinaire<\/h3>\n<p><a href=\"https:\/\/www.adeas.org\/wp-content\/uploads\/2014\/05\/ScreenShot2.png\"><img loading=\"lazy\" decoding=\"async\" class=\"alignnone size-full wp-image-1088\" alt=\"ScreenShot2\" src=\"https:\/\/www.adeas.org\/wp-content\/uploads\/2014\/05\/ScreenShot2.png\" width=\"578\" height=\"215\" srcset=\"https:\/\/www.adeas.org\/wp-content\/uploads\/2014\/05\/ScreenShot2.png 578w, https:\/\/www.adeas.org\/wp-content\/uploads\/2014\/05\/ScreenShot2-500x185.png 500w\" sizes=\"auto, (max-width: 578px) 100vw, 578px\" \/><\/a><\/p>\n<h2>Le vote de vos repr\u00e9sentants dans les Conseils de Surveillance<\/h2>\n<p>Les actions Orange d\u00e9tenues par le personnel du Groupe (4,63% du capital fin 2012) sont pour l\u2019essentiel log\u00e9es dans le fonds Orange Actions du PEG. L\u2019expression des personnels actionnaires, notamment \u00e0 l\u2019occasion de l\u2019Assembl\u00e9e G\u00e9n\u00e9rale annuelle, est donc port\u00e9e par le Conseil de Surveillance de ce fonds.<\/p>\n<p>Les repr\u00e9sentants du personnel dans les Conseils de surveillance n\u2019ayant pas tous fait preuve du professionnalisme attendu dans de telles instances, aucun des projets de r\u00e9solutions propos\u00e9s par les repr\u00e9sentants du personnel ne sera pr\u00e9sent\u00e9 \u00e0 l\u2019Assembl\u00e9e G\u00e9n\u00e9rale.<\/p>\n<p>La CFE-CGC, comme chaque ann\u00e9e, avait propos\u00e9 des r\u00e9solutions permettant de pr\u00e9server le cash de l\u2019entreprise\u00a0:<\/p>\n<ul>\n<li>la possibilit\u00e9 d\u2019effectuer le paiement du dividende en actions, et non syst\u00e9matiquement en num\u00e9raire, ce qui oblige l\u2019entreprise \u00e0 emprunter chaque ann\u00e9e pour proc\u00e9der au paiement\u00a0;<\/li>\n<li>la suspension du dividende jusqu\u2019\u00e0 am\u00e9lioration notable de la situation \u00e9conomique de l\u2019entreprise\u00a0;<\/li>\n<li>\u00e0 d\u00e9faut, passer le dividende \u00e0 0,60 \u20ac (au lieu de 0,80 \u20ac) d\u00e8s l\u2019exercice 2013.<\/li>\n<\/ul>\n<p>En revanche la CFE-CGC a obtenu que les actions d\u00e9tenues dans le cadre du fonds Orange Actions du PEG soient d\u00e9sormais inscrites au nominatif, ce qui permettra un doublement des droits de vote du fonds Orange Actions d\u00e8s l\u2019AG 2016 (disposition de la <a href=\"http:\/\/www.liberation.fr\/economie\/2014\/02\/24\/l-assemblee-doit-voter-la-loi-florange_982511\">loi dite \u00ab\u00a0Florange\u00a0\u00bb<\/a>).<\/p>\n<p>&nbsp;<\/p>\n<p>&nbsp;<\/p>\n","protected":false},"excerpt":{"rendered":"<p>L\u2019assembl\u00e9e g\u00e9n\u00e9rale mixte des actionnaires d\u2019Orange aura lieu mardi 27 mai 2014 \u00e0 16 h au Palis des Congr\u00e8s Paris Porte Maillot (accueil \u00e0 partir de 14h30) Toute la documentation est disponible sur le site orange.com Participer \u00e0 l\u2019AG et au vote En tant qu\u2019actionnaire au nominatif pur, vous pouvez participer \u00e0 l\u2019AG et au [&hellip;]<\/p>\n","protected":false},"author":3,"featured_media":0,"comment_status":"open","ping_status":"closed","sticky":false,"template":"","format":"standard","meta":{"_monsterinsights_skip_tracking":false,"_monsterinsights_sitenote_active":false,"_monsterinsights_sitenote_note":"","_monsterinsights_sitenote_category":0,"footnotes":""},"categories":[28,3],"tags":[11,42,36,17,43],"class_list":["post-1079","post","type-post","status-publish","format-standard","hentry","category-en-pratique","category-laction-de-ladeas","tag-actionnariat-salarie","tag-assemblee-generale","tag-dividendes","tag-pratique","tag-vote"],"_links":{"self":[{"href":"https:\/\/www.adeas.org\/index.php\/wp-json\/wp\/v2\/posts\/1079","targetHints":{"allow":["GET"]}}],"collection":[{"href":"https:\/\/www.adeas.org\/index.php\/wp-json\/wp\/v2\/posts"}],"about":[{"href":"https:\/\/www.adeas.org\/index.php\/wp-json\/wp\/v2\/types\/post"}],"author":[{"embeddable":true,"href":"https:\/\/www.adeas.org\/index.php\/wp-json\/wp\/v2\/users\/3"}],"replies":[{"embeddable":true,"href":"https:\/\/www.adeas.org\/index.php\/wp-json\/wp\/v2\/comments?post=1079"}],"version-history":[{"count":7,"href":"https:\/\/www.adeas.org\/index.php\/wp-json\/wp\/v2\/posts\/1079\/revisions"}],"predecessor-version":[{"id":1090,"href":"https:\/\/www.adeas.org\/index.php\/wp-json\/wp\/v2\/posts\/1079\/revisions\/1090"}],"wp:attachment":[{"href":"https:\/\/www.adeas.org\/index.php\/wp-json\/wp\/v2\/media?parent=1079"}],"wp:term":[{"taxonomy":"category","embeddable":true,"href":"https:\/\/www.adeas.org\/index.php\/wp-json\/wp\/v2\/categories?post=1079"},{"taxonomy":"post_tag","embeddable":true,"href":"https:\/\/www.adeas.org\/index.php\/wp-json\/wp\/v2\/tags?post=1079"}],"curies":[{"name":"wp","href":"https:\/\/api.w.org\/{rel}","templated":true}]}}