{"id":1049,"date":"2014-03-28T14:28:38","date_gmt":"2014-03-28T13:28:38","guid":{"rendered":"http:\/\/www.adeas.org\/?p=1049"},"modified":"2014-03-28T14:28:38","modified_gmt":"2014-03-28T13:28:38","slug":"lavenir-dorange-sera-europeen-ou-ne-sera-pas","status":"publish","type":"post","link":"https:\/\/www.adeas.org\/index.php\/revue-de-web\/lavenir-dorange-sera-europeen-ou-ne-sera-pas\/","title":{"rendered":"L\u2019avenir d\u2019Orange sera europ\u00e9en ou ne sera pas"},"content":{"rendered":"<p>Un article d&rsquo;Edouard Tetreau dans <a href=\"http:\/\/www.lesechos.fr\/opinions\/chroniques\/0203396581081-l-avenir-d-orange-sera-europeen-ou-ne-sera-pas-659816.php#comments\">Les Echos du 26 mars<\/a>.<br \/>\nQuelques extraits, sur les analyses que nous partageons :<\/p>\n<blockquote><p>Depuis des ann\u00e9es, la strat\u00e9gie de la tutelle est de \u00ab\u2009traire la vache \u00e0 lait\u2009\u00bb sous forme de remont\u00e9es de dividendes. Au risque de rel\u00e9guer au second plan les imp\u00e9ratifs strat\u00e9giques d\u2019une des plus belles entreprises de France.<\/p>\n<p>[&#8230;]<\/p>\n<p>France T\u00e9l\u00e9com, que l\u2019on ne se r\u00e9signe toujours pas dans cette chronique \u00e0 appeler du nom d\u2019une position interm\u00e9diaire de feu de circulation \u2013 celle qui pr\u00e9c\u00e8de imm\u00e9diatement la position d\u2019arr\u00eat \u2013 est l\u2019une des plus belles entreprises au monde. Issue de la tr\u00e8s \u00e9litiste Direction g\u00e9n\u00e9rale des t\u00e9l\u00e9communications, cette entreprise n\u2019a eu de cesse d\u2019\u00eatre pionni\u00e8re dans tous les domaines qui la concernent.<\/p>\n<p>[&#8230;]<\/p>\n<p>depuis au moins une d\u00e9cennie, le projet du gouvernement fran\u00e7ais pour cette entreprise, dont il est le premier actionnaire, est absurde. Il pourrait se r\u00e9sumer ainsi\u2009: la remont\u00e9e maximale de dividendes pour pallier l\u2019incapacit\u00e9 de l\u2019Etat \u00e0 boucler ses propres fins de mois.<\/p>\n<p>Sur les cinq derni\u00e8res ann\u00e9es seulement, plus de 18 milliards d\u2019euros ont \u00e9t\u00e9 remont\u00e9s aux actionnaires de France T\u00e9l\u00e9com. Tout \u00e9tait bon pour traire cette vache \u00e0 lait\u2009: abandon de projets de recherche-d\u00e9veloppement en France et d\u2019investissements significatifs \u00e0 l\u2019\u00e9tranger\u2009; accord d\u2019itin\u00e9rance singulier\u2009; fermeture de sites et suppression d\u2019emplois \u00e0 tous les \u00e9tages. L\u2019Etat actionnaire, d\u00e9nu\u00e9 de toute vision industrielle, s\u2019est transform\u00e9 en un g\u00e9rant de Sicav obligataire \u00e0 rendement semestriel. Les march\u00e9s financiers, qui se trompent toujours \u00e0 court terme mais jamais sur le long terme, ont sanctionn\u00e9 cet appauvrissement\u2009: depuis mars 2009, point bas des march\u00e9s financiers apr\u00e8s la crise des \u00ab\u2009subprimes\u2009\u00bb, France T\u00e9l\u00e9com a perdu 40\u2009% de sa valeur, soit pr\u00e8s de 20 milliards d\u2019euros. Dans le m\u00eame temps, le CAC 40 progressait de 50\u2009%\u2009; Iliad (Free) triplait de valeur\u2009; et Deutsche Telekom, qui avait une valeur boursi\u00e8re \u00e9quivalente \u00e0 celle France T\u00e9l\u00e9com il y a cinq ans, vaut aujourd\u2019hui le double.<\/p>\n<p>Les perdants ne sont pas uniquement les actionnaires de France T\u00e9l\u00e9com mais aussi ses salari\u00e9s.<\/p>\n<p>[&#8230;]<\/p>\n<p>L\u2019avenir, dans le secteur de la communication, est porteur de d\u00e9fis exaltants, et de cr\u00e9ations d\u2019emplois par dizaines de milliers\u2009: la construction d\u2019un r\u00e9seau Internet europ\u00e9en, comme l\u2019a propos\u00e9 Angela Merkel \u00e0 Fran\u00e7ois Hollande lors du Conseil des ministres franco-allemand du 19 f\u00e9vrier\u2009; la cr\u00e9ation d\u2019une offre commerciale et d\u2019un cadre r\u00e9glementaire donnant aux Europ\u00e9ens le droit \u00e0 la vie priv\u00e9e num\u00e9rique\u2009; le d\u00e9veloppement fulgurant des march\u00e9s t\u00e9l\u00e9coms et audiovisuels en Afrique, o\u00f9 la France a plus d\u2019une carte \u00e0 jouer, notamment au titre de la francophonie\u2009; la n\u00e9cessaire concentration d\u2019un march\u00e9 europ\u00e9en des t\u00e9l\u00e9coms, atomis\u00e9 entre plus de 100 op\u00e9rateurs, l\u00e0 o\u00f9 le march\u00e9 am\u00e9ricain n\u2019en compte que trois.<\/p><\/blockquote>\n","protected":false},"excerpt":{"rendered":"<p>Un article d&rsquo;Edouard Tetreau dans Les Echos du 26 mars. Quelques extraits, sur les analyses que nous partageons : Depuis des ann\u00e9es, la strat\u00e9gie de la tutelle est de \u00ab\u2009traire la vache \u00e0 lait\u2009\u00bb sous forme de remont\u00e9es de dividendes. Au risque de rel\u00e9guer au second plan les imp\u00e9ratifs strat\u00e9giques d\u2019une des plus belles entreprises [&hellip;]<\/p>\n","protected":false},"author":3,"featured_media":0,"comment_status":"open","ping_status":"closed","sticky":false,"template":"","format":"standard","meta":{"_monsterinsights_skip_tracking":false,"_monsterinsights_sitenote_active":false,"_monsterinsights_sitenote_note":"","_monsterinsights_sitenote_category":0,"footnotes":""},"categories":[8],"tags":[36,23],"class_list":["post-1049","post","type-post","status-publish","format-standard","hentry","category-revue-de-web","tag-dividendes","tag-etat"],"_links":{"self":[{"href":"https:\/\/www.adeas.org\/index.php\/wp-json\/wp\/v2\/posts\/1049","targetHints":{"allow":["GET"]}}],"collection":[{"href":"https:\/\/www.adeas.org\/index.php\/wp-json\/wp\/v2\/posts"}],"about":[{"href":"https:\/\/www.adeas.org\/index.php\/wp-json\/wp\/v2\/types\/post"}],"author":[{"embeddable":true,"href":"https:\/\/www.adeas.org\/index.php\/wp-json\/wp\/v2\/users\/3"}],"replies":[{"embeddable":true,"href":"https:\/\/www.adeas.org\/index.php\/wp-json\/wp\/v2\/comments?post=1049"}],"version-history":[{"count":1,"href":"https:\/\/www.adeas.org\/index.php\/wp-json\/wp\/v2\/posts\/1049\/revisions"}],"predecessor-version":[{"id":1050,"href":"https:\/\/www.adeas.org\/index.php\/wp-json\/wp\/v2\/posts\/1049\/revisions\/1050"}],"wp:attachment":[{"href":"https:\/\/www.adeas.org\/index.php\/wp-json\/wp\/v2\/media?parent=1049"}],"wp:term":[{"taxonomy":"category","embeddable":true,"href":"https:\/\/www.adeas.org\/index.php\/wp-json\/wp\/v2\/categories?post=1049"},{"taxonomy":"post_tag","embeddable":true,"href":"https:\/\/www.adeas.org\/index.php\/wp-json\/wp\/v2\/tags?post=1049"}],"curies":[{"name":"wp","href":"https:\/\/api.w.org\/{rel}","templated":true}]}}